{"id":2502,"date":"2020-07-13T15:21:05","date_gmt":"2020-07-13T15:21:05","guid":{"rendered":"https:\/\/www.q-bital.com\/?p=2502"},"modified":"2020-07-13T15:21:05","modified_gmt":"2020-07-13T15:21:05","slug":"flexible-healthcare-can-protect-elective-surgery-capacity","status":"publish","type":"post","link":"https:\/\/www.q-bital.com\/hu_hu\/flexible-healthcare-can-protect-elective-surgery-capacity\/","title":{"rendered":"A rugalmas eg\u00e9szs\u00e9g\u00fcgyi ell\u00e1t\u00e1s megv\u00e9dheti az elekt\u00edv seb\u00e9szeti kapacit\u00e1st"},"content":{"rendered":"<p>A Covid-19 \u00fajj\u00e1\u00e9led\u00e9se nyom\u00e1st gyakorol az ausztr\u00e1liai Victoria \u00e1llam eg\u00e9szs\u00e9g\u00fcgyi rendszer\u00e9re. V\u00e1laszul az \u00e1llam korm\u00e1nya azt tan\u00e1csolta a k\u00f3rh\u00e1zaknak, hogy tarts\u00e1k a seb\u00e9szeti tev\u00e9kenys\u00e9get a pand\u00e9mia el\u0151tti szint 751 TP3T \u00e9rt\u00e9k\u00e9n, hogy elegend\u0151 kapacit\u00e1s \u00e1lljon rendelkez\u00e9sre a koronav\u00edrusos betegek kezel\u00e9s\u00e9re. De lehet m\u00e1s megold\u00e1s?<\/p>\n<p>Az \u00e1llam korm\u00e1nya eredetileg azt tervezte, hogy z\u00f6ld utat ad minden viktori\u00e1nus k\u00f3rh\u00e1znak, hogy j\u00faliusban visszat\u00e9rjen a szok\u00e1sos 100% m\u0171t\u0151kapacit\u00e1sukhoz, \u00f6sszhangban a t\u00f6bbi ausztr\u00e1l \u00e1llammal \u00e9s ter\u00fclettel. Az elm\u00falt hetekben azonban k\u00f6zel k\u00e9t tucat embern\u00e9l diagnosztiz\u00e1ltak Covid-19-et Victori\u00e1ban, k\u00f6zt\u00fck orvosokn\u00e1l, \u00e1pol\u00f3kn\u00e1l \u00e9s ment\u0151s\u00f6kn\u00e9l.<\/p>\n<p>A m\u00falt h\u00e9ten bejelentett\u00e9k, hogy k\u00e9sik a COVID el\u0151tti elekt\u00edv m\u0171t\u00e9ti szintre val\u00f3 visszat\u00e9r\u00e9s, \u00e9s azt tan\u00e1csolt\u00e1k a k\u00f3rh\u00e1zaknak, hogy maradjanak a 75% elekt\u00edv seb\u00e9szeti tev\u00e9kenys\u00e9gn\u00e9l, hogy a k\u00f3rh\u00e1zak k\u00e9pesek legyenek \u00e9letment\u0151 ell\u00e1t\u00e1st ny\u00fajtani arra az esetre, ha a koronav\u00edrusos esetek sz\u00e1ma folyamatosan emelkedne.<\/p>\n<p>Az \u00e1llami k\u00f3rh\u00e1zakra vonatkoz\u00f3 korl\u00e1toz\u00e1s tov\u00e1bbi int\u00e9zked\u00e9sig \u00e9rv\u00e9nyben marad, \u00e9s az \u00e1llam arra ir\u00e1nyul\u00f3 terve, hogy felz\u00e1rk\u00f3zzon a b\u0151v\u00fcl\u0151 k\u00f3rh\u00e1zi v\u00e1r\u00f3list\u00e1n, felf\u00fcggesztett\u00e9k, ami azt jelenti, hogy a Victoria \u00e1llam k\u00f3rh\u00e1zaiban elekt\u00edv m\u0171t\u00e9tre v\u00e1r\u00f3 betegek m\u00e9g hosszabb v\u00e1rakoz\u00e1si id\u0151vel n\u00e9znek szembe.<\/p>\n<p>Elemz\u00e9s:<em>A Sydney Morning Herald<\/em>\u00e9s<em>A Kor<\/em>becsl\u00e9sek szerint a le\u00e1ll\u00e1si id\u0151szak alatt k\u00f6r\u00fclbel\u00fcl 120 000 ember ker\u00fcl fel az \u00e1llami k\u00f3rh\u00e1zak v\u00e1r\u00f3list\u00e1j\u00e1ra, k\u00f6zt\u00fck k\u00f6r\u00fclbel\u00fcl 36 000 Vikt\u00f3ria (71% n\u00f6veked\u00e9s) \u00e9s k\u00f6r\u00fclbel\u00fcl 32 400 NSW (36% n\u00f6veked\u00e9s).<\/p>\n<p>Haszn\u00e1lat\u00e1val azonban <a href=\"\/hu_hu\/our-team\/\">rugalmas eg\u00e9szs\u00e9g\u00fcgyi megold\u00e1sok<\/a>, p\u00e9ld\u00e1ul mobil \u00e9s modul\u00e1ris m\u0171t\u0151k r\u00e9v\u00e9n a k\u00f3rh\u00e1zak 100% szinten tarthatn\u00e1k a tervezett m\u0171t\u00e9tek sz\u00e1m\u00e1t, \u00e9s megakad\u00e1lyozhatn\u00e1k a v\u00e1r\u00f3list\u00e1k n\u00f6veked\u00e9s\u00e9t, mik\u00f6zben fenntartan\u00e1k a k\u00f3rh\u00e1z\u00e9p\u00fcleten bel\u00fcli kulcsfontoss\u00e1g\u00fa Covid-19 kapacit\u00e1st.<\/p>\n<p>Egy ideiglenes m\u0171t\u0151 elhelyezhet\u0151 a k\u00f3rh\u00e1z parkol\u00f3j\u00e1ban vagy m\u00e1s alkalmas helyen, \u00e9s s\u00fcrg\u0151s sz\u00fcks\u00e9g eset\u00e9n, p\u00e9ld\u00e1ul egy lokaliz\u00e1lt Covid-19 j\u00e1rv\u00e1ny eset\u00e9n, ami nyom\u00e1st gyakorol a helyi eg\u00e9szs\u00e9g\u00fcgyi er\u0151forr\u00e1sokra, nagyon gyorsan m\u0171k\u00f6d\u0151k\u00e9pess\u00e9 tehet\u0151.<\/p>\n<p><a href=\"https:\/\/www.smh.com.au\/politics\/federal\/public-patients-to-wait-longer-for-elective-surgery-in-victoria-20200709-p55aj3.html\">B\u0151vebben a Sydney Morning Herald cikk\u00e9ben<\/a>.<\/p>","protected":false},"excerpt":{"rendered":"<p>A Covid-19 \u00fajj\u00e1\u00e9led\u00e9se nyom\u00e1st gyakorol az ausztr\u00e1liai Victoria \u00e1llam eg\u00e9szs\u00e9g\u00fcgyi rendszer\u00e9re. V\u00e1laszul az \u00e1llam korm\u00e1nya azt tan\u00e1csolta a k\u00f3rh\u00e1zaknak, hogy tarts\u00e1k a seb\u00e9szeti tev\u00e9kenys\u00e9get a pand\u00e9mia el\u0151tti szint 751 TP3T \u00e9rt\u00e9k\u00e9n, hogy elegend\u0151 kapacit\u00e1s \u00e1lljon rendelkez\u00e9sre a koronav\u00edrusos betegek kezel\u00e9s\u00e9re. De lehet m\u00e1s megold\u00e1s? <\/p>","protected":false},"author":1,"featured_media":1296,"comment_status":"closed","ping_status":"closed","sticky":false,"template":"","format":"standard","meta":{"_acf_changed":false,"footnotes":""},"categories":[2,119],"tags":[136,5,4],"class_list":["post-2502","post","type-post","status-publish","format-standard","has-post-thumbnail","hentry","category-news","category-products-and-services","tag-australia","tag-mobile","tag-modular"],"acf":[],"yoast_head":"<!-- This site is optimized with the Yoast SEO plugin v27.4 - https:\/\/yoast.com\/product\/yoast-seo-wordpress\/ -->\n<title>Flexible healthcare can protect elective surgery capacity - Q-bital Healthcare Solutions<\/title>\n<meta name=\"description\" content=\"Flexible healthcare can protect elective surgery capacity during resurgence of Covid-19 in Australian state of Victoria.\" \/>\n<meta name=\"robots\" content=\"index, follow, max-snippet:-1, max-image-preview:large, max-video-preview:-1\" \/>\n<link rel=\"canonical\" href=\"https:\/\/www.q-bital.com\/hu_hu\/flexible-healthcare-can-protect-elective-surgery-capacity\/\" \/>\n<meta property=\"og:locale\" content=\"hu_HU\" \/>\n<meta property=\"og:type\" content=\"article\" \/>\n<meta property=\"og:title\" content=\"Flexible healthcare can protect elective surgery capacity - Q-bital Healthcare Solutions\" \/>\n<meta property=\"og:description\" content=\"Flexible healthcare can protect elective surgery capacity during resurgence of Covid-19 in Australian state of Victoria.\" \/>\n<meta property=\"og:url\" content=\"https:\/\/www.q-bital.com\/hu_hu\/flexible-healthcare-can-protect-elective-surgery-capacity\/\" \/>\n<meta property=\"og:site_name\" content=\"Q-bital Healthcare Solutions\" \/>\n<meta property=\"article:published_time\" content=\"2020-07-13T15:21:05+00:00\" \/>\n<meta property=\"og:image\" content=\"https:\/\/www.q-bital.com\/wp-content\/uploads\/sites\/8\/legacy\/2020\/06\/surgery-1807541_1920-1.jpg\" \/>\n\t<meta property=\"og:image:width\" content=\"1920\" \/>\n\t<meta property=\"og:image:height\" content=\"1267\" \/>\n\t<meta property=\"og:image:type\" content=\"image\/jpeg\" \/>\n<meta name=\"author\" content=\"Vanguard Healthcare Solutions\" \/>\n<meta name=\"twitter:card\" content=\"summary_large_image\" \/>\n<meta name=\"twitter:label1\" content=\"Szerz\u0151:\" \/>\n\t<meta name=\"twitter:data1\" content=\"Vanguard Healthcare Solutions\" \/>\n\t<meta name=\"twitter:label2\" content=\"Becs\u00fclt olvas\u00e1si id\u0151\" \/>\n\t<meta name=\"twitter:data2\" content=\"2 perc\" \/>\n<script type=\"application\/ld+json\" class=\"yoast-schema-graph\">{\"@context\":\"https:\\\/\\\/schema.org\",\"@graph\":[{\"@type\":\"Article\",\"@id\":\"https:\\\/\\\/www.q-bital.com\\\/flexible-healthcare-can-protect-elective-surgery-capacity\\\/#article\",\"isPartOf\":{\"@id\":\"https:\\\/\\\/www.q-bital.com\\\/flexible-healthcare-can-protect-elective-surgery-capacity\\\/\"},\"author\":{\"name\":\"Vanguard Healthcare Solutions\",\"@id\":\"https:\\\/\\\/www.q-bital.com\\\/#\\\/schema\\\/person\\\/426decd65e2d39321705e63d5ea4394b\"},\"headline\":\"Flexible healthcare can protect elective surgery capacity\",\"datePublished\":\"2020-07-13T15:21:05+00:00\",\"mainEntityOfPage\":{\"@id\":\"https:\\\/\\\/www.q-bital.com\\\/flexible-healthcare-can-protect-elective-surgery-capacity\\\/\"},\"wordCount\":328,\"image\":{\"@id\":\"https:\\\/\\\/www.q-bital.com\\\/flexible-healthcare-can-protect-elective-surgery-capacity\\\/#primaryimage\"},\"thumbnailUrl\":\"https:\\\/\\\/www.q-bital.com\\\/wp-content\\\/uploads\\\/sites\\\/8\\\/legacy\\\/2020\\\/06\\\/surgery-1807541_1920-1.jpg\",\"keywords\":[\"Australia\",\"Mobile\",\"Modular\"],\"articleSection\":[\"News\",\"Products and services\"],\"inLanguage\":\"hu\"},{\"@type\":\"WebPage\",\"@id\":\"https:\\\/\\\/www.q-bital.com\\\/flexible-healthcare-can-protect-elective-surgery-capacity\\\/\",\"url\":\"https:\\\/\\\/www.q-bital.com\\\/flexible-healthcare-can-protect-elective-surgery-capacity\\\/\",\"name\":\"Flexible healthcare can protect elective surgery capacity - Q-bital Healthcare Solutions\",\"isPartOf\":{\"@id\":\"https:\\\/\\\/www.q-bital.com\\\/#website\"},\"primaryImageOfPage\":{\"@id\":\"https:\\\/\\\/www.q-bital.com\\\/flexible-healthcare-can-protect-elective-surgery-capacity\\\/#primaryimage\"},\"image\":{\"@id\":\"https:\\\/\\\/www.q-bital.com\\\/flexible-healthcare-can-protect-elective-surgery-capacity\\\/#primaryimage\"},\"thumbnailUrl\":\"https:\\\/\\\/www.q-bital.com\\\/wp-content\\\/uploads\\\/sites\\\/8\\\/legacy\\\/2020\\\/06\\\/surgery-1807541_1920-1.jpg\",\"datePublished\":\"2020-07-13T15:21:05+00:00\",\"author\":{\"@id\":\"https:\\\/\\\/www.q-bital.com\\\/#\\\/schema\\\/person\\\/426decd65e2d39321705e63d5ea4394b\"},\"description\":\"Flexible healthcare can protect elective surgery capacity during resurgence of Covid-19 in Australian state of Victoria.\",\"inLanguage\":\"hu\",\"potentialAction\":[{\"@type\":\"ReadAction\",\"target\":[\"https:\\\/\\\/www.q-bital.com\\\/flexible-healthcare-can-protect-elective-surgery-capacity\\\/\"]}]},{\"@type\":\"ImageObject\",\"inLanguage\":\"hu\",\"@id\":\"https:\\\/\\\/www.q-bital.com\\\/flexible-healthcare-can-protect-elective-surgery-capacity\\\/#primaryimage\",\"url\":\"https:\\\/\\\/www.q-bital.com\\\/wp-content\\\/uploads\\\/sites\\\/8\\\/legacy\\\/2020\\\/06\\\/surgery-1807541_1920-1.jpg\",\"contentUrl\":\"https:\\\/\\\/www.q-bital.com\\\/wp-content\\\/uploads\\\/sites\\\/8\\\/legacy\\\/2020\\\/06\\\/surgery-1807541_1920-1.jpg\",\"width\":1920,\"height\":1267},{\"@type\":\"WebSite\",\"@id\":\"https:\\\/\\\/www.q-bital.com\\\/#website\",\"url\":\"https:\\\/\\\/www.q-bital.com\\\/\",\"name\":\"Q-bital Healthcare Solutions\",\"description\":\"\",\"potentialAction\":[{\"@type\":\"SearchAction\",\"target\":{\"@type\":\"EntryPoint\",\"urlTemplate\":\"https:\\\/\\\/www.q-bital.com\\\/?s={search_term_string}\"},\"query-input\":{\"@type\":\"PropertyValueSpecification\",\"valueRequired\":true,\"valueName\":\"search_term_string\"}}],\"inLanguage\":\"hu\"},{\"@type\":\"Person\",\"@id\":\"https:\\\/\\\/www.q-bital.com\\\/#\\\/schema\\\/person\\\/426decd65e2d39321705e63d5ea4394b\",\"name\":\"Vanguard Healthcare Solutions\",\"image\":{\"@type\":\"ImageObject\",\"inLanguage\":\"hu\",\"@id\":\"https:\\\/\\\/secure.gravatar.com\\\/avatar\\\/7ba7c80067fbd6952425e7e5a94fa842f37365b39fe1fd0a01287a5a0b6f7d2b?s=96&d=mm&r=g\",\"url\":\"https:\\\/\\\/secure.gravatar.com\\\/avatar\\\/7ba7c80067fbd6952425e7e5a94fa842f37365b39fe1fd0a01287a5a0b6f7d2b?s=96&d=mm&r=g\",\"contentUrl\":\"https:\\\/\\\/secure.gravatar.com\\\/avatar\\\/7ba7c80067fbd6952425e7e5a94fa842f37365b39fe1fd0a01287a5a0b6f7d2b?s=96&d=mm&r=g\",\"caption\":\"Vanguard Healthcare Solutions\"},\"sameAs\":[\"https:\\\/\\\/www.vanguardhealthcare.co.uk\"]}]}<\/script>\n<!-- \/ Yoast SEO plugin. -->","yoast_head_json":{"title":"A rugalmas eg\u00e9szs\u00e9g\u00fcgyi ell\u00e1t\u00e1s megv\u00e9dheti a tervezett m\u0171t\u00e9tek kapacit\u00e1s\u00e1t - Q-bital Healthcare Solutions","description":"A rugalmas eg\u00e9szs\u00e9g\u00fcgyi ell\u00e1t\u00e1s megv\u00e9dheti a v\u00e1laszthat\u00f3 m\u0171t\u00e9tek kapacit\u00e1s\u00e1t a Covid-19 \u00fajb\u00f3li fell\u00e1ngol\u00e1sa sor\u00e1n az ausztr\u00e1l Victoria \u00e1llamban.","robots":{"index":"index","follow":"follow","max-snippet":"max-snippet:-1","max-image-preview":"max-image-preview:large","max-video-preview":"max-video-preview:-1"},"canonical":"https:\/\/www.q-bital.com\/hu_hu\/flexible-healthcare-can-protect-elective-surgery-capacity\/","og_locale":"hu_HU","og_type":"article","og_title":"Flexible healthcare can protect elective surgery capacity - Q-bital Healthcare Solutions","og_description":"Flexible healthcare can protect elective surgery capacity during resurgence of Covid-19 in Australian state of Victoria.","og_url":"https:\/\/www.q-bital.com\/hu_hu\/flexible-healthcare-can-protect-elective-surgery-capacity\/","og_site_name":"Q-bital Healthcare Solutions","article_published_time":"2020-07-13T15:21:05+00:00","og_image":[{"width":1920,"height":1267,"url":"https:\/\/www.q-bital.com\/wp-content\/uploads\/sites\/8\/legacy\/2020\/06\/surgery-1807541_1920-1.jpg","type":"image\/jpeg"}],"author":"Vanguard Healthcare Solutions","twitter_card":"summary_large_image","twitter_misc":{"Szerz\u0151:":"Vanguard Healthcare Solutions","Becs\u00fclt olvas\u00e1si id\u0151":"2 perc"},"schema":{"@context":"https:\/\/schema.org","@graph":[{"@type":"Article","@id":"https:\/\/www.q-bital.com\/flexible-healthcare-can-protect-elective-surgery-capacity\/#article","isPartOf":{"@id":"https:\/\/www.q-bital.com\/flexible-healthcare-can-protect-elective-surgery-capacity\/"},"author":{"name":"Vanguard Healthcare Solutions","@id":"https:\/\/www.q-bital.com\/#\/schema\/person\/426decd65e2d39321705e63d5ea4394b"},"headline":"Flexible healthcare can protect elective surgery capacity","datePublished":"2020-07-13T15:21:05+00:00","mainEntityOfPage":{"@id":"https:\/\/www.q-bital.com\/flexible-healthcare-can-protect-elective-surgery-capacity\/"},"wordCount":328,"image":{"@id":"https:\/\/www.q-bital.com\/flexible-healthcare-can-protect-elective-surgery-capacity\/#primaryimage"},"thumbnailUrl":"https:\/\/www.q-bital.com\/wp-content\/uploads\/sites\/8\/legacy\/2020\/06\/surgery-1807541_1920-1.jpg","keywords":["Australia","Mobile","Modular"],"articleSection":["News","Products and services"],"inLanguage":"hu"},{"@type":"WebPage","@id":"https:\/\/www.q-bital.com\/flexible-healthcare-can-protect-elective-surgery-capacity\/","url":"https:\/\/www.q-bital.com\/flexible-healthcare-can-protect-elective-surgery-capacity\/","name":"A rugalmas eg\u00e9szs\u00e9g\u00fcgyi ell\u00e1t\u00e1s megv\u00e9dheti a tervezett m\u0171t\u00e9tek kapacit\u00e1s\u00e1t - Q-bital Healthcare Solutions","isPartOf":{"@id":"https:\/\/www.q-bital.com\/#website"},"primaryImageOfPage":{"@id":"https:\/\/www.q-bital.com\/flexible-healthcare-can-protect-elective-surgery-capacity\/#primaryimage"},"image":{"@id":"https:\/\/www.q-bital.com\/flexible-healthcare-can-protect-elective-surgery-capacity\/#primaryimage"},"thumbnailUrl":"https:\/\/www.q-bital.com\/wp-content\/uploads\/sites\/8\/legacy\/2020\/06\/surgery-1807541_1920-1.jpg","datePublished":"2020-07-13T15:21:05+00:00","author":{"@id":"https:\/\/www.q-bital.com\/#\/schema\/person\/426decd65e2d39321705e63d5ea4394b"},"description":"A rugalmas eg\u00e9szs\u00e9g\u00fcgyi ell\u00e1t\u00e1s megv\u00e9dheti a v\u00e1laszthat\u00f3 m\u0171t\u00e9tek kapacit\u00e1s\u00e1t a Covid-19 \u00fajb\u00f3li fell\u00e1ngol\u00e1sa sor\u00e1n az ausztr\u00e1l Victoria \u00e1llamban.","inLanguage":"hu","potentialAction":[{"@type":"ReadAction","target":["https:\/\/www.q-bital.com\/flexible-healthcare-can-protect-elective-surgery-capacity\/"]}]},{"@type":"ImageObject","inLanguage":"hu","@id":"https:\/\/www.q-bital.com\/flexible-healthcare-can-protect-elective-surgery-capacity\/#primaryimage","url":"https:\/\/www.q-bital.com\/wp-content\/uploads\/sites\/8\/legacy\/2020\/06\/surgery-1807541_1920-1.jpg","contentUrl":"https:\/\/www.q-bital.com\/wp-content\/uploads\/sites\/8\/legacy\/2020\/06\/surgery-1807541_1920-1.jpg","width":1920,"height":1267},{"@type":"WebSite","@id":"https:\/\/www.q-bital.com\/#website","url":"https:\/\/www.q-bital.com\/","name":"Q-bital Healthcare Solutions","description":"","potentialAction":[{"@type":"SearchAction","target":{"@type":"EntryPoint","urlTemplate":"https:\/\/www.q-bital.com\/?s={search_term_string}"},"query-input":{"@type":"PropertyValueSpecification","valueRequired":true,"valueName":"search_term_string"}}],"inLanguage":"hu"},{"@type":"Person","@id":"https:\/\/www.q-bital.com\/#\/schema\/person\/426decd65e2d39321705e63d5ea4394b","name":"Vanguard Healthcare Solutions","image":{"@type":"ImageObject","inLanguage":"hu","@id":"https:\/\/secure.gravatar.com\/avatar\/7ba7c80067fbd6952425e7e5a94fa842f37365b39fe1fd0a01287a5a0b6f7d2b?s=96&d=mm&r=g","url":"https:\/\/secure.gravatar.com\/avatar\/7ba7c80067fbd6952425e7e5a94fa842f37365b39fe1fd0a01287a5a0b6f7d2b?s=96&d=mm&r=g","contentUrl":"https:\/\/secure.gravatar.com\/avatar\/7ba7c80067fbd6952425e7e5a94fa842f37365b39fe1fd0a01287a5a0b6f7d2b?s=96&d=mm&r=g","caption":"Vanguard Healthcare Solutions"},"sameAs":["https:\/\/www.vanguardhealthcare.co.uk"]}]}},"_links":{"self":[{"href":"https:\/\/www.q-bital.com\/hu_hu\/wp-json\/wp\/v2\/posts\/2502","targetHints":{"allow":["GET"]}}],"collection":[{"href":"https:\/\/www.q-bital.com\/hu_hu\/wp-json\/wp\/v2\/posts"}],"about":[{"href":"https:\/\/www.q-bital.com\/hu_hu\/wp-json\/wp\/v2\/types\/post"}],"author":[{"embeddable":true,"href":"https:\/\/www.q-bital.com\/hu_hu\/wp-json\/wp\/v2\/users\/1"}],"replies":[{"embeddable":true,"href":"https:\/\/www.q-bital.com\/hu_hu\/wp-json\/wp\/v2\/comments?post=2502"}],"version-history":[{"count":0,"href":"https:\/\/www.q-bital.com\/hu_hu\/wp-json\/wp\/v2\/posts\/2502\/revisions"}],"wp:featuredmedia":[{"embeddable":true,"href":"https:\/\/www.q-bital.com\/hu_hu\/wp-json\/wp\/v2\/media\/1296"}],"wp:attachment":[{"href":"https:\/\/www.q-bital.com\/hu_hu\/wp-json\/wp\/v2\/media?parent=2502"}],"wp:term":[{"taxonomy":"category","embeddable":true,"href":"https:\/\/www.q-bital.com\/hu_hu\/wp-json\/wp\/v2\/categories?post=2502"},{"taxonomy":"post_tag","embeddable":true,"href":"https:\/\/www.q-bital.com\/hu_hu\/wp-json\/wp\/v2\/tags?post=2502"}],"curies":[{"name":"munkaf\u00fczet","href":"https:\/\/api.w.org\/{rel}","templated":true}]}}