{"id":2469,"date":"2020-05-12T13:58:26","date_gmt":"2020-05-12T13:58:26","guid":{"rendered":"https:\/\/www.q-bital.com\/?p=2469"},"modified":"2020-05-12T13:58:26","modified_gmt":"2020-05-12T13:58:26","slug":"how-does-australias-icu-capacity-compare","status":"publish","type":"post","link":"https:\/\/www.q-bital.com\/is_is\/how-does-australias-icu-capacity-compare\/","title":{"rendered":"Hvernig er getu gj\u00f6rg\u00e6sludeild \u00c1stral\u00edu samanbori\u00f0?"},"content":{"rendered":"<p>Hinga\u00f0 til benda v\u00edsbendingar til \u00feess a\u00f0 fj\u00f6ldi Covid-19 tilfella og dau\u00f0sfalla \u00ed \u00c1stral\u00edu hafi veri\u00f0\n<a href=\"https:\/\/www.arcgis.com\/apps\/opsdashboard\/index.html#\/bda7594740fd40299423467b48e9ecf6\">\n l\u00e6gri en \u00ed m\u00f6rgum \u00f6\u00f0rum l\u00f6ndum\n<\/a>\n, jafnvel \u00fe\u00f3tt ekki s\u00e9 h\u00e6gt a\u00f0 l\u00edta svo \u00e1 a\u00f0 faraldurinn s\u00e9 undir stj\u00f3rn enn\u00fe\u00e1.<\/p>\n<p>\u00c1str\u00f6lsk sj\u00fakrah\u00fas vir\u00f0ast einnig hafa tekist tilt\u00f6lulega vel vi\u00f0 innstreymi Covid-19 sj\u00faklinga og ein hugsanleg \u00e1st\u00e6\u00f0a fyrir \u00fev\u00ed er s\u00fa a\u00f0 \u00fea\u00f0 var h\u00e6filegt magn af vi\u00f0b\u00f3targetu til a\u00f0 byrja me\u00f0. Au\u00f0vita\u00f0 hafa a\u00f0ger\u00f0ir sem r\u00edkisstj\u00f3rnin og einst\u00f6k r\u00edki og sj\u00fakrah\u00fas hafa gripi\u00f0 til haft \u00e1hrif l\u00edka, \u00fear \u00e1 me\u00f0al afp\u00f6ntun vala\u00f0ger\u00f0a og notkun sveigjanlegra einingainnvi\u00f0a sem h\u00e6gt er a\u00f0 koma \u00ed notkun mj\u00f6g flj\u00f3tt.<\/p>\n<p>\u00de\u00f3 a\u00f0 \u00fea\u00f0 s\u00e9 of snemmt a\u00f0 geta s\u00e9r til um ni\u00f0urst\u00f6\u00f0una, \u00fe\u00e1 er \u00e1hugavert a\u00f0 sko\u00f0a hvernig gj\u00f6rg\u00e6slugeta \u00c1stral\u00edu er \u00ed samanbur\u00f0i vi\u00f0 \u00f6nnur l\u00f6nd. Opinberar t\u00f6lur s\u00fdna a\u00f0 \u00fea\u00f0 er 191 gj\u00f6rg\u00e6sludeild \u00ed \u00c1stral\u00edu, me\u00f0 samtals 2.378 laus gj\u00f6rg\u00e6slur\u00fam me\u00f0an \u00e1 grunnvirkni stendur \u2013 sem samsvarar um \u00fea\u00f0 bil 9,4 gj\u00f6rg\u00e6slur\u00famum \u00e1 hverja 100.000 \u00edb\u00faa. T\u00f6lurnar voru teknar saman fyrir kreppuna og innihalda \u00fev\u00ed engin r\u00fam sem b\u00e6tt var vi\u00f0 \u00e1 sj\u00fakrah\u00fasum e\u00f0a br\u00e1\u00f0abirg\u00f0adeildum e\u00f0a svok\u00f6llu\u00f0um \u201evettvangssj\u00fakrah\u00fasum\u201c s\u00ed\u00f0an.<\/p>\n<p>An\n<a href=\"https:\/\/www.statista.com\/chart\/21105\/number-of-critical-care-beds-per-100000-inhabitants\/\">\n al\u00fej\u00f3\u00f0legum samanbur\u00f0i\n<\/a>\ngefur til kynna a\u00f0 \u00c1stral\u00eda s\u00e9 me\u00f0 fleiri gj\u00f6rg\u00e6slur\u00fam \u00e1 hvern \u00edb\u00faa en m\u00f6rg l\u00f6nd, \u00fear \u00e1 me\u00f0al Bretland, sem hefur um \u00fea\u00f0 bil 6,6 r\u00fam \u00e1 hverja 100.000 \u00edb\u00faa, Japan (7,3) og K\u00edna (3,6), en verulega f\u00e6rri en Bandar\u00edkin (34,7) og nokkur \u00f6nnur. helstu l\u00f6ndum Evr\u00f3pu. Fj\u00f6ldinn er einnig \u00f6rl\u00edti\u00f0 l\u00e6gri en \u00ed Kanada, sem er tilt\u00f6lulega n\u00e1l\u00e6gt \u00fev\u00ed mi\u00f0a\u00f0 vi\u00f0 \u00edb\u00faast\u00e6r\u00f0 og er tali\u00f0 vera \u00e1 bilinu 10-12 gj\u00f6rg\u00e6slupl\u00e1ss \u00e1 hverja 100.000 \u00edb\u00faa eftir \u00fev\u00ed hva\u00f0a a\u00f0fer\u00f0 er notu\u00f0 vi\u00f0 \u00fatreikningana.\n<img loading=\"lazy\" decoding=\"async\" alt=\"\" class=\"alignnone wp-image-2470\" height=\"480\" src=\"\/wp-content\/uploads\/sites\/8\/legacy\/2020\/05\/4.-Critical-Care-Beds-Australia-Chart.png\" width=\"670\" \/>\nA\u00f0 auki, a\n<a href=\"https:\/\/www.mja.com.au\/journal\/2020\/surge-capacity-australian-intensive-care-units-associated-covid-19-admissions\">\n n\u00fdleg l\u00edkan\u00e6fing\n<\/a>\num aukna getu \u00e1stralskra gj\u00f6rg\u00e6sludeilda, sem birt var \u00ed lok mars \u00ed\n<a href=\"https:\/\/www.mja.com.au\">\n Medical Journal of Australia\n<\/a>\n, fann a\u00f0 m\u00f6guleiki v\u00e6ri \u00e1 a\u00f0 n\u00e6stum \u00ferefalda getu gj\u00f6rg\u00e6slur\u00fama til a\u00f0 breg\u00f0ast vi\u00f0 aukinni eftirspurn eftir Covid-19.<\/p>\n<p>Samkv\u00e6mt ranns\u00f3kninni g\u00e6tu \u00e1str\u00f6lskir gj\u00f6rg\u00e6sludeildir auki\u00f0 fj\u00f6lda gj\u00f6rg\u00e6slur\u00fama um 4.261 til vi\u00f0b\u00f3tar (189%) ef \u00fe\u00f6rf krefur. \u00c1 \u00fev\u00ed stigi v\u00e6ri hins vegar skortur \u00e1 \u00f6ndunarv\u00e9lum og l\u00edklega einnig PPE b\u00fana\u00f0i. Ranns\u00f3knin \u00e1\u00e6tla\u00f0i a\u00f0 bylgjum\u00f6guleiki \u00f6ndunarv\u00e9la v\u00e6ri r\u00famlega 2.000, \u00feannig a\u00f0 \u00fea\u00f0 myndi a\u00f0eins a\u00f0 hluta til standast h\u00e1marks bylgjugetu hva\u00f0 var\u00f0ar r\u00fam.<\/p>\n<p>Anna\u00f0 m\u00e1l sem g\u00e6ti takmarka\u00f0 getu v\u00e6ri heilbrig\u00f0isstarfsf\u00f3lki\u00f0 sem \u00fearf til a\u00f0 stj\u00f3rna \u00f6ndunarv\u00e9lunum. L\u00edkana\u00e6fingin s\u00fdndi a\u00f0 vi\u00f0 h\u00e1marks\u00e1lagsgetu g\u00e6ti \u00feurft allt a\u00f0 4.000 yfirl\u00e6kna til vi\u00f0b\u00f3tar og 42.700 skr\u00e1\u00f0a gj\u00f6rg\u00e6sluhj\u00fakrunarfr\u00e6\u00f0inga.<\/p>\n<p>Hinga\u00f0 til er enn laus getu \u00e1 flestum \u00e1str\u00f6lskum sj\u00fakrah\u00fasum, \u00e1 me\u00f0an m\u00f6rg l\u00f6nd \u00ed Evr\u00f3pu me\u00f0 h\u00e6rri fj\u00f6lda Covid-19 tilfella, eins og \u00cdtal\u00eda, hafa veri\u00f0 undir meiri \u00fer\u00fdstingi. T\u00edminn mun lei\u00f0a \u00ed lj\u00f3s hvort \u00feetta \u00e1stand endist \u00ed lj\u00f3si \u00feess a\u00f0 vetrarvert\u00ed\u00f0in n\u00e1lgast og \u00f6nnur bylgja m\u00e1la er m\u00f6guleg.<\/p>\n<p>Erfitt er a\u00f0 gera sanngjarnan al\u00fej\u00f3\u00f0legan samanbur\u00f0 \u00fear sem l\u00f6nd eru me\u00f0 mismunandi heilbrig\u00f0iskerfi og mismunandi a\u00f0fer\u00f0ir til a\u00f0 safna t\u00f6lfr\u00e6\u00f0i, og \u00feess ber a\u00f0 geta a\u00f0 \u00e1rei\u00f0anleiki \u00ed fj\u00f6lda gj\u00f6rg\u00e6slur\u00fama sem tilkynnt er um er mismunandi milli landa, sem og aldur gagnanna og \u00fatreikningaa\u00f0fer\u00f0irnar. Engu a\u00f0 s\u00ed\u00f0ur gefa t\u00f6lurnar grundv\u00f6ll fyrir almennan samanbur\u00f0.<\/p>\n<p>\u00deegar heimsfaraldri er loki\u00f0, e\u00f0a vi\u00f0 erum a\u00f0 minnsta kosti a\u00f0 sj\u00e1 aftur til einhvers e\u00f0lilegs stigs, ver\u00f0ur \u00e1hugavert a\u00f0 sj\u00e1 hva\u00f0a \u00e1hrif n\u00faverandi kreppa mun hafa lengri t\u00edma \u00e1 fj\u00f6lda gj\u00f6rg\u00e6slur\u00fdma um allan heim. Hugsanlegt er a\u00f0 grunngetu gj\u00f6rg\u00e6sludeilda muni breytast varanlega \u00ed sumum l\u00f6ndum vegna vi\u00f0b\u00f3tarr\u00fama sem \u00fearf a\u00f0 b\u00faa til vegna Covid-19 faraldursins, en mikill fj\u00f6ldi vi\u00f0b\u00f3tar \u00f6ndunarv\u00e9la sem hafa veri\u00f0 framleiddar til a\u00f0 takast \u00e1 vi\u00f0 me\u00f0 skorti g\u00e6ti l\u00edka haft j\u00e1kv\u00e6\u00f0 \u00e1hrif.<\/p>","protected":false},"excerpt":{"rendered":"<p>V\u00edsbendingar benda til \u00feess a\u00f0 fj\u00f6ldi Covid-19 tilfella og dau\u00f0sfalla \u00ed \u00c1stral\u00edu hafi veri\u00f0 l\u00e6gri en \u00ed m\u00f6rgum \u00f6\u00f0rum l\u00f6ndum<\/p>","protected":false},"author":1,"featured_media":693,"comment_status":"closed","ping_status":"closed","sticky":false,"template":"","format":"standard","meta":{"_acf_changed":false,"footnotes":""},"categories":[2],"tags":[136],"class_list":["post-2469","post","type-post","status-publish","format-standard","has-post-thumbnail","hentry","category-news","tag-australia"],"acf":[],"yoast_head":"<!-- This site is optimized with the Yoast SEO plugin v27.4 - https:\/\/yoast.com\/product\/yoast-seo-wordpress\/ -->\n<title>How does Australia&#8217;s ICU capacity compare? - Q-bital Healthcare Solutions<\/title>\n<meta name=\"description\" content=\"How does Australia&#039;s ICU capacity compare given lower number of Covid-19 cases and deaths than in many other countries.\" \/>\n<meta name=\"robots\" content=\"index, follow, max-snippet:-1, max-image-preview:large, max-video-preview:-1\" \/>\n<link rel=\"canonical\" href=\"https:\/\/www.q-bital.com\/is_is\/how-does-australias-icu-capacity-compare\/\" \/>\n<meta property=\"og:locale\" content=\"is_IS\" \/>\n<meta property=\"og:type\" content=\"article\" \/>\n<meta property=\"og:title\" content=\"How does Australia&#8217;s ICU capacity compare? - Q-bital Healthcare Solutions\" \/>\n<meta property=\"og:description\" content=\"How does Australia&#039;s ICU capacity compare given lower number of Covid-19 cases and deaths than in many other countries.\" \/>\n<meta property=\"og:url\" content=\"https:\/\/www.q-bital.com\/is_is\/how-does-australias-icu-capacity-compare\/\" \/>\n<meta property=\"og:site_name\" content=\"Q-bital Healthcare Solutions\" \/>\n<meta property=\"article:published_time\" content=\"2020-05-12T13:58:26+00:00\" \/>\n<meta name=\"author\" content=\"Vanguard Healthcare Solutions\" \/>\n<meta name=\"twitter:card\" content=\"summary_large_image\" \/>\n<meta name=\"twitter:label1\" content=\"Written by\" \/>\n\t<meta name=\"twitter:data1\" content=\"Vanguard Healthcare Solutions\" \/>\n\t<meta name=\"twitter:label2\" content=\"Est. reading time\" \/>\n\t<meta name=\"twitter:data2\" content=\"3 minutes\" \/>\n<script type=\"application\/ld+json\" class=\"yoast-schema-graph\">{\"@context\":\"https:\\\/\\\/schema.org\",\"@graph\":[{\"@type\":\"Article\",\"@id\":\"https:\\\/\\\/www.q-bital.com\\\/how-does-australias-icu-capacity-compare\\\/#article\",\"isPartOf\":{\"@id\":\"https:\\\/\\\/www.q-bital.com\\\/how-does-australias-icu-capacity-compare\\\/\"},\"author\":{\"name\":\"Vanguard Healthcare Solutions\",\"@id\":\"https:\\\/\\\/www.q-bital.com\\\/#\\\/schema\\\/person\\\/426decd65e2d39321705e63d5ea4394b\"},\"headline\":\"How does Australia&#8217;s ICU capacity compare?\",\"datePublished\":\"2020-05-12T13:58:26+00:00\",\"mainEntityOfPage\":{\"@id\":\"https:\\\/\\\/www.q-bital.com\\\/how-does-australias-icu-capacity-compare\\\/\"},\"wordCount\":621,\"image\":{\"@id\":\"https:\\\/\\\/www.q-bital.com\\\/how-does-australias-icu-capacity-compare\\\/#primaryimage\"},\"thumbnailUrl\":\"\",\"keywords\":[\"Australia\"],\"articleSection\":[\"News\"],\"inLanguage\":\"is\"},{\"@type\":\"WebPage\",\"@id\":\"https:\\\/\\\/www.q-bital.com\\\/how-does-australias-icu-capacity-compare\\\/\",\"url\":\"https:\\\/\\\/www.q-bital.com\\\/how-does-australias-icu-capacity-compare\\\/\",\"name\":\"How does Australia&#8217;s ICU capacity compare? - Q-bital Healthcare Solutions\",\"isPartOf\":{\"@id\":\"https:\\\/\\\/www.q-bital.com\\\/#website\"},\"primaryImageOfPage\":{\"@id\":\"https:\\\/\\\/www.q-bital.com\\\/how-does-australias-icu-capacity-compare\\\/#primaryimage\"},\"image\":{\"@id\":\"https:\\\/\\\/www.q-bital.com\\\/how-does-australias-icu-capacity-compare\\\/#primaryimage\"},\"thumbnailUrl\":\"\",\"datePublished\":\"2020-05-12T13:58:26+00:00\",\"author\":{\"@id\":\"https:\\\/\\\/www.q-bital.com\\\/#\\\/schema\\\/person\\\/426decd65e2d39321705e63d5ea4394b\"},\"description\":\"How does Australia's ICU capacity compare given lower number of Covid-19 cases and deaths than in many other countries.\",\"inLanguage\":\"is\",\"potentialAction\":[{\"@type\":\"ReadAction\",\"target\":[\"https:\\\/\\\/www.q-bital.com\\\/how-does-australias-icu-capacity-compare\\\/\"]}]},{\"@type\":\"ImageObject\",\"inLanguage\":\"is\",\"@id\":\"https:\\\/\\\/www.q-bital.com\\\/how-does-australias-icu-capacity-compare\\\/#primaryimage\",\"url\":\"\",\"contentUrl\":\"\"},{\"@type\":\"WebSite\",\"@id\":\"https:\\\/\\\/www.q-bital.com\\\/#website\",\"url\":\"https:\\\/\\\/www.q-bital.com\\\/\",\"name\":\"Q-bital Healthcare Solutions\",\"description\":\"\",\"potentialAction\":[{\"@type\":\"SearchAction\",\"target\":{\"@type\":\"EntryPoint\",\"urlTemplate\":\"https:\\\/\\\/www.q-bital.com\\\/?s={search_term_string}\"},\"query-input\":{\"@type\":\"PropertyValueSpecification\",\"valueRequired\":true,\"valueName\":\"search_term_string\"}}],\"inLanguage\":\"is\"},{\"@type\":\"Person\",\"@id\":\"https:\\\/\\\/www.q-bital.com\\\/#\\\/schema\\\/person\\\/426decd65e2d39321705e63d5ea4394b\",\"name\":\"Vanguard Healthcare Solutions\",\"image\":{\"@type\":\"ImageObject\",\"inLanguage\":\"is\",\"@id\":\"https:\\\/\\\/secure.gravatar.com\\\/avatar\\\/7ba7c80067fbd6952425e7e5a94fa842f37365b39fe1fd0a01287a5a0b6f7d2b?s=96&d=mm&r=g\",\"url\":\"https:\\\/\\\/secure.gravatar.com\\\/avatar\\\/7ba7c80067fbd6952425e7e5a94fa842f37365b39fe1fd0a01287a5a0b6f7d2b?s=96&d=mm&r=g\",\"contentUrl\":\"https:\\\/\\\/secure.gravatar.com\\\/avatar\\\/7ba7c80067fbd6952425e7e5a94fa842f37365b39fe1fd0a01287a5a0b6f7d2b?s=96&d=mm&r=g\",\"caption\":\"Vanguard Healthcare Solutions\"},\"sameAs\":[\"https:\\\/\\\/www.vanguardhealthcare.co.uk\"]}]}<\/script>\n<!-- \/ Yoast SEO plugin. -->","yoast_head_json":{"title":"Hvernig er gj\u00f6rg\u00e6sludeildargeta \u00c1stral\u00edu \u00ed samanbur\u00f0i? - Q-bital heilbrig\u00f0islausnir","description":"Hvernig ber gj\u00f6rg\u00e6sludeildargeta \u00c1stral\u00edu saman mi\u00f0a\u00f0 vi\u00f0 f\u00e6rri tilfelli og dau\u00f0sf\u00f6ll af Covid-19 en \u00ed m\u00f6rgum \u00f6\u00f0rum l\u00f6ndum.","robots":{"index":"index","follow":"follow","max-snippet":"max-snippet:-1","max-image-preview":"max-image-preview:large","max-video-preview":"max-video-preview:-1"},"canonical":"https:\/\/www.q-bital.com\/is_is\/how-does-australias-icu-capacity-compare\/","og_locale":"is_IS","og_type":"article","og_title":"How does Australia&#8217;s ICU capacity compare? - Q-bital Healthcare Solutions","og_description":"How does Australia's ICU capacity compare given lower number of Covid-19 cases and deaths than in many other countries.","og_url":"https:\/\/www.q-bital.com\/is_is\/how-does-australias-icu-capacity-compare\/","og_site_name":"Q-bital Healthcare Solutions","article_published_time":"2020-05-12T13:58:26+00:00","author":"Vanguard Healthcare Solutions","twitter_card":"summary_large_image","twitter_misc":{"Written by":"Vanguard Healthcare Solutions","Est. reading time":"3 minutes"},"schema":{"@context":"https:\/\/schema.org","@graph":[{"@type":"Article","@id":"https:\/\/www.q-bital.com\/how-does-australias-icu-capacity-compare\/#article","isPartOf":{"@id":"https:\/\/www.q-bital.com\/how-does-australias-icu-capacity-compare\/"},"author":{"name":"Vanguard Healthcare Solutions","@id":"https:\/\/www.q-bital.com\/#\/schema\/person\/426decd65e2d39321705e63d5ea4394b"},"headline":"How does Australia&#8217;s ICU capacity compare?","datePublished":"2020-05-12T13:58:26+00:00","mainEntityOfPage":{"@id":"https:\/\/www.q-bital.com\/how-does-australias-icu-capacity-compare\/"},"wordCount":621,"image":{"@id":"https:\/\/www.q-bital.com\/how-does-australias-icu-capacity-compare\/#primaryimage"},"thumbnailUrl":"","keywords":["Australia"],"articleSection":["News"],"inLanguage":"is"},{"@type":"WebPage","@id":"https:\/\/www.q-bital.com\/how-does-australias-icu-capacity-compare\/","url":"https:\/\/www.q-bital.com\/how-does-australias-icu-capacity-compare\/","name":"Hvernig er gj\u00f6rg\u00e6sludeildargeta \u00c1stral\u00edu \u00ed samanbur\u00f0i? - Q-bital heilbrig\u00f0islausnir","isPartOf":{"@id":"https:\/\/www.q-bital.com\/#website"},"primaryImageOfPage":{"@id":"https:\/\/www.q-bital.com\/how-does-australias-icu-capacity-compare\/#primaryimage"},"image":{"@id":"https:\/\/www.q-bital.com\/how-does-australias-icu-capacity-compare\/#primaryimage"},"thumbnailUrl":"","datePublished":"2020-05-12T13:58:26+00:00","author":{"@id":"https:\/\/www.q-bital.com\/#\/schema\/person\/426decd65e2d39321705e63d5ea4394b"},"description":"Hvernig ber gj\u00f6rg\u00e6sludeildargeta \u00c1stral\u00edu saman mi\u00f0a\u00f0 vi\u00f0 f\u00e6rri tilfelli og dau\u00f0sf\u00f6ll af Covid-19 en \u00ed m\u00f6rgum \u00f6\u00f0rum l\u00f6ndum.","inLanguage":"is","potentialAction":[{"@type":"ReadAction","target":["https:\/\/www.q-bital.com\/how-does-australias-icu-capacity-compare\/"]}]},{"@type":"ImageObject","inLanguage":"is","@id":"https:\/\/www.q-bital.com\/how-does-australias-icu-capacity-compare\/#primaryimage","url":"","contentUrl":""},{"@type":"WebSite","@id":"https:\/\/www.q-bital.com\/#website","url":"https:\/\/www.q-bital.com\/","name":"Q-bital Healthcare Solutions","description":"","potentialAction":[{"@type":"SearchAction","target":{"@type":"EntryPoint","urlTemplate":"https:\/\/www.q-bital.com\/?s={search_term_string}"},"query-input":{"@type":"PropertyValueSpecification","valueRequired":true,"valueName":"search_term_string"}}],"inLanguage":"is"},{"@type":"Person","@id":"https:\/\/www.q-bital.com\/#\/schema\/person\/426decd65e2d39321705e63d5ea4394b","name":"Vanguard Healthcare Solutions","image":{"@type":"ImageObject","inLanguage":"is","@id":"https:\/\/secure.gravatar.com\/avatar\/7ba7c80067fbd6952425e7e5a94fa842f37365b39fe1fd0a01287a5a0b6f7d2b?s=96&d=mm&r=g","url":"https:\/\/secure.gravatar.com\/avatar\/7ba7c80067fbd6952425e7e5a94fa842f37365b39fe1fd0a01287a5a0b6f7d2b?s=96&d=mm&r=g","contentUrl":"https:\/\/secure.gravatar.com\/avatar\/7ba7c80067fbd6952425e7e5a94fa842f37365b39fe1fd0a01287a5a0b6f7d2b?s=96&d=mm&r=g","caption":"Vanguard Healthcare Solutions"},"sameAs":["https:\/\/www.vanguardhealthcare.co.uk"]}]}},"_links":{"self":[{"href":"https:\/\/www.q-bital.com\/is_is\/wp-json\/wp\/v2\/posts\/2469","targetHints":{"allow":["GET"]}}],"collection":[{"href":"https:\/\/www.q-bital.com\/is_is\/wp-json\/wp\/v2\/posts"}],"about":[{"href":"https:\/\/www.q-bital.com\/is_is\/wp-json\/wp\/v2\/types\/post"}],"author":[{"embeddable":true,"href":"https:\/\/www.q-bital.com\/is_is\/wp-json\/wp\/v2\/users\/1"}],"replies":[{"embeddable":true,"href":"https:\/\/www.q-bital.com\/is_is\/wp-json\/wp\/v2\/comments?post=2469"}],"version-history":[{"count":0,"href":"https:\/\/www.q-bital.com\/is_is\/wp-json\/wp\/v2\/posts\/2469\/revisions"}],"wp:featuredmedia":[{"embeddable":true,"href":"https:\/\/www.q-bital.com\/is_is\/wp-json\/wp\/v2\/pages\/693"}],"wp:attachment":[{"href":"https:\/\/www.q-bital.com\/is_is\/wp-json\/wp\/v2\/media?parent=2469"}],"wp:term":[{"taxonomy":"category","embeddable":true,"href":"https:\/\/www.q-bital.com\/is_is\/wp-json\/wp\/v2\/categories?post=2469"},{"taxonomy":"post_tag","embeddable":true,"href":"https:\/\/www.q-bital.com\/is_is\/wp-json\/wp\/v2\/tags?post=2469"}],"curies":[{"name":"wp","href":"https:\/\/api.w.org\/{rel}","templated":true}]}}