{"id":2469,"date":"2020-05-12T13:58:26","date_gmt":"2020-05-12T13:58:26","guid":{"rendered":"https:\/\/www.q-bital.com\/?p=2469"},"modified":"2020-05-12T13:58:26","modified_gmt":"2020-05-12T13:58:26","slug":"how-does-australias-icu-capacity-compare","status":"publish","type":"post","link":"https:\/\/www.q-bital.com\/pt_pt\/how-does-australias-icu-capacity-compare\/","title":{"rendered":"Como se compara a capacidade da UTI da Austr\u00e1lia?"},"content":{"rendered":"<p>At\u00e9 agora, as evid\u00eancias sugerem que o n\u00famero de casos e mortes de Covid-19 na Austr\u00e1lia aumentou\n<a href=\"https:\/\/www.arcgis.com\/apps\/opsdashboard\/index.html#\/bda7594740fd40299423467b48e9ecf6\">\n menor do que em muitos outros pa\u00edses\n<\/a>\n, mesmo que o surto ainda n\u00e3o possa ser considerado sob controle.<\/p>\n<p>Os hospitais australianos tamb\u00e9m parecem ter lidado relativamente bem com o afluxo de pacientes da Covid-19 e uma raz\u00e3o potencial para isso \u00e9 que havia uma quantidade razo\u00e1vel de capacidade adicional para come\u00e7ar. \u00c9 claro que as a\u00e7\u00f5es tomadas pelo Governo e pelos estados e hospitais individuais tamb\u00e9m tiveram um impacto, incluindo o cancelamento de cirurgias eletivas e a utiliza\u00e7\u00e3o de infraestruturas modulares flex\u00edveis que podem ser operacionalizadas muito rapidamente.<\/p>\n<p>Embora seja demasiado cedo para especular sobre o resultado, \u00e9 interessante observar como a capacidade das UCI da Austr\u00e1lia se compara \u00e0 de outros pa\u00edses. Os n\u00fameros oficiais mostram que existem 191 unidades de cuidados intensivos na Austr\u00e1lia, com um total de 2.378 camas de cuidados intensivos dispon\u00edveis durante a actividade de base \u2013 representando cerca de 9,4 camas de UCI por 100.000 habitantes. Os n\u00fameros foram compilados antes da crise e, portanto, n\u00e3o incluem quaisquer camas adicionadas em hospitais ou enfermarias tempor\u00e1rias ou nos chamados \u201chospitais de campanha\u201d desde ent\u00e3o.<\/p>\n<p>Um\n<a href=\"https:\/\/www.statista.com\/chart\/21105\/number-of-critical-care-beds-per-100000-inhabitants\/\">\n compara\u00e7\u00e3o internacional\n<\/a>\nindica que a Austr\u00e1lia tem mais camas de cuidados intensivos por popula\u00e7\u00e3o do que muitos pa\u00edses, incluindo o Reino Unido, que tem cerca de 6,6 camas por 100.000 pessoas, o Jap\u00e3o (7,3) e a China (3,6), mas significativamente menos que os Estados Unidos (34,7) e alguns outros pa\u00edses. principais pa\u00edses europeus. O n\u00famero tamb\u00e9m \u00e9 ligeiramente inferior ao do Canad\u00e1, que \u00e9 relativamente pr\u00f3ximo em termos de tamanho populacional e estima-se que tenha entre 10-12 leitos de UTI por 100.000 habitantes, dependendo do m\u00e9todo utilizado para os c\u00e1lculos.\n<img loading=\"lazy\" decoding=\"async\" alt=\"\" class=\"alignnone wp-image-2470\" height=\"480\" src=\"\/wp-content\/uploads\/sites\/8\/legacy\/2020\/05\/4.-Critical-Care-Beds-Australia-Chart.png\" width=\"670\" \/>\nAl\u00e9m disso, um\n<a href=\"https:\/\/www.mja.com.au\/journal\/2020\/surge-capacity-australian-intensive-care-units-associated-covid-19-admissions\">\n exerc\u00edcio de modelagem recente\n<\/a>\nsobre o aumento da capacidade das unidades de terapia intensiva australianas, publicado no final de mar\u00e7o no\n<a href=\"https:\/\/www.mja.com.au\">\n Jornal M\u00e9dico da Austr\u00e1lia\n<\/a>\n, descobriu que havia potencial para quase triplicar a capacidade de leitos de terapia intensiva em resposta ao aumento previsto da demanda por Covid-19.<\/p>\n<p>De acordo com o estudo, as UTIs australianas poderiam aumentar o n\u00famero de leitos de UTI em mais 4.261 (189%), se necess\u00e1rio. Nesse n\u00edvel, contudo, haveria uma escassez de ventiladores e provavelmente tamb\u00e9m de equipamentos EPI. O estudo estimou que o potencial de surto dos ventiladores \u00e9 de pouco mais de 2.000, portanto, atenderia apenas parcialmente \u00e0 capacidade m\u00e1xima de surto em termos de leitos.<\/p>\n<p>Outra quest\u00e3o que potencialmente restringiria a capacidade seria a for\u00e7a de trabalho de sa\u00fade necess\u00e1ria para operar os ventiladores. O exerc\u00edcio de modela\u00e7\u00e3o mostrou que, com a capacidade m\u00e1xima de resposta, poderiam ser necess\u00e1rios mais 4.000 m\u00e9dicos seniores e 42.700 enfermeiros registados na UCI.<\/p>\n<p>At\u00e9 \u00e0 data, ainda h\u00e1 capacidade dispon\u00edvel na maioria dos hospitais australianos, enquanto muitos pa\u00edses da Europa com n\u00fameros mais elevados de casos de Covid-19, como a It\u00e1lia, t\u00eam estado sob maior press\u00e3o. O tempo dir\u00e1 se esta situa\u00e7\u00e3o vai durar, visto que o inverno se aproxima e uma segunda onda de casos \u00e9 poss\u00edvel.<\/p>\n<p>\u00c9 dif\u00edcil fazer compara\u00e7\u00f5es internacionais justas, uma vez que os pa\u00edses t\u00eam diferentes sistemas de sa\u00fade e diferentes formas de recolher estat\u00edsticas, e deve-se notar que a fiabilidade dos n\u00fameros de camas de UCI comunicados varia entre pa\u00edses, tal como a idade dos dados e os m\u00e9todos utilizados para os c\u00e1lculos. No entanto, os n\u00fameros fornecem uma base para compara\u00e7\u00e3o geral.<\/p>\n<p>Quando a pandemia terminar, ou pelo menos estivermos a assistir a um regresso a alguns n\u00edveis de normalidade, ser\u00e1 interessante ver que efeito a actual crise ter\u00e1 a longo prazo no n\u00famero de camas de UCI em todo o mundo. \u00c9 poss\u00edvel que a capacidade inicial das UTIs mude permanentemente em alguns pa\u00edses como resultado dos leitos adicionais que precisaram ser criados como resultado do surto de Covid-19, enquanto o elevado n\u00famero de ventiladores adicionais que foram fabricados para lidar com com a escassez tamb\u00e9m poderia ter um impacto positivo.<\/p>","protected":false},"excerpt":{"rendered":"<p>As evid\u00eancias sugerem que o n\u00famero de casos e mortes de Covid-19 na Austr\u00e1lia tem sido menor do que em muitos outros pa\u00edses<\/p>","protected":false},"author":1,"featured_media":693,"comment_status":"closed","ping_status":"closed","sticky":false,"template":"","format":"standard","meta":{"_acf_changed":false,"footnotes":""},"categories":[2],"tags":[136],"class_list":["post-2469","post","type-post","status-publish","format-standard","has-post-thumbnail","hentry","category-news","tag-australia"],"acf":[],"yoast_head":"<!-- This site is optimized with the Yoast SEO plugin v27.4 - https:\/\/yoast.com\/product\/yoast-seo-wordpress\/ -->\n<title>How does Australia&#8217;s ICU capacity compare? - Q-bital Healthcare Solutions<\/title>\n<meta name=\"description\" content=\"How does Australia&#039;s ICU capacity compare given lower number of Covid-19 cases and deaths than in many other countries.\" \/>\n<meta name=\"robots\" content=\"index, follow, max-snippet:-1, max-image-preview:large, max-video-preview:-1\" \/>\n<link rel=\"canonical\" href=\"https:\/\/www.q-bital.com\/pt_pt\/how-does-australias-icu-capacity-compare\/\" \/>\n<meta property=\"og:locale\" content=\"pt_PT\" \/>\n<meta property=\"og:type\" content=\"article\" \/>\n<meta property=\"og:title\" content=\"How does Australia&#8217;s ICU capacity compare? - Q-bital Healthcare Solutions\" \/>\n<meta property=\"og:description\" content=\"How does Australia&#039;s ICU capacity compare given lower number of Covid-19 cases and deaths than in many other countries.\" \/>\n<meta property=\"og:url\" content=\"https:\/\/www.q-bital.com\/pt_pt\/how-does-australias-icu-capacity-compare\/\" \/>\n<meta property=\"og:site_name\" content=\"Q-bital Healthcare Solutions\" \/>\n<meta property=\"article:published_time\" content=\"2020-05-12T13:58:26+00:00\" \/>\n<meta name=\"author\" content=\"Vanguard Healthcare Solutions\" \/>\n<meta name=\"twitter:card\" content=\"summary_large_image\" \/>\n<meta name=\"twitter:label1\" content=\"Escrito por\" \/>\n\t<meta name=\"twitter:data1\" content=\"Vanguard Healthcare Solutions\" \/>\n\t<meta name=\"twitter:label2\" content=\"Tempo estimado de leitura\" \/>\n\t<meta name=\"twitter:data2\" content=\"3 minutos\" \/>\n<script type=\"application\/ld+json\" class=\"yoast-schema-graph\">{\"@context\":\"https:\\\/\\\/schema.org\",\"@graph\":[{\"@type\":\"Article\",\"@id\":\"https:\\\/\\\/www.q-bital.com\\\/how-does-australias-icu-capacity-compare\\\/#article\",\"isPartOf\":{\"@id\":\"https:\\\/\\\/www.q-bital.com\\\/how-does-australias-icu-capacity-compare\\\/\"},\"author\":{\"name\":\"Vanguard Healthcare Solutions\",\"@id\":\"https:\\\/\\\/www.q-bital.com\\\/#\\\/schema\\\/person\\\/426decd65e2d39321705e63d5ea4394b\"},\"headline\":\"How does Australia&#8217;s ICU capacity compare?\",\"datePublished\":\"2020-05-12T13:58:26+00:00\",\"mainEntityOfPage\":{\"@id\":\"https:\\\/\\\/www.q-bital.com\\\/how-does-australias-icu-capacity-compare\\\/\"},\"wordCount\":621,\"image\":{\"@id\":\"https:\\\/\\\/www.q-bital.com\\\/how-does-australias-icu-capacity-compare\\\/#primaryimage\"},\"thumbnailUrl\":\"\",\"keywords\":[\"Australia\"],\"articleSection\":[\"News\"],\"inLanguage\":\"pt-PT\"},{\"@type\":\"WebPage\",\"@id\":\"https:\\\/\\\/www.q-bital.com\\\/how-does-australias-icu-capacity-compare\\\/\",\"url\":\"https:\\\/\\\/www.q-bital.com\\\/how-does-australias-icu-capacity-compare\\\/\",\"name\":\"How does Australia&#8217;s ICU capacity compare? - Q-bital Healthcare Solutions\",\"isPartOf\":{\"@id\":\"https:\\\/\\\/www.q-bital.com\\\/#website\"},\"primaryImageOfPage\":{\"@id\":\"https:\\\/\\\/www.q-bital.com\\\/how-does-australias-icu-capacity-compare\\\/#primaryimage\"},\"image\":{\"@id\":\"https:\\\/\\\/www.q-bital.com\\\/how-does-australias-icu-capacity-compare\\\/#primaryimage\"},\"thumbnailUrl\":\"\",\"datePublished\":\"2020-05-12T13:58:26+00:00\",\"author\":{\"@id\":\"https:\\\/\\\/www.q-bital.com\\\/#\\\/schema\\\/person\\\/426decd65e2d39321705e63d5ea4394b\"},\"description\":\"How does Australia's ICU capacity compare given lower number of Covid-19 cases and deaths than in many other countries.\",\"inLanguage\":\"pt-PT\",\"potentialAction\":[{\"@type\":\"ReadAction\",\"target\":[\"https:\\\/\\\/www.q-bital.com\\\/how-does-australias-icu-capacity-compare\\\/\"]}]},{\"@type\":\"ImageObject\",\"inLanguage\":\"pt-PT\",\"@id\":\"https:\\\/\\\/www.q-bital.com\\\/how-does-australias-icu-capacity-compare\\\/#primaryimage\",\"url\":\"\",\"contentUrl\":\"\"},{\"@type\":\"WebSite\",\"@id\":\"https:\\\/\\\/www.q-bital.com\\\/#website\",\"url\":\"https:\\\/\\\/www.q-bital.com\\\/\",\"name\":\"Q-bital Healthcare Solutions\",\"description\":\"\",\"potentialAction\":[{\"@type\":\"SearchAction\",\"target\":{\"@type\":\"EntryPoint\",\"urlTemplate\":\"https:\\\/\\\/www.q-bital.com\\\/?s={search_term_string}\"},\"query-input\":{\"@type\":\"PropertyValueSpecification\",\"valueRequired\":true,\"valueName\":\"search_term_string\"}}],\"inLanguage\":\"pt-PT\"},{\"@type\":\"Person\",\"@id\":\"https:\\\/\\\/www.q-bital.com\\\/#\\\/schema\\\/person\\\/426decd65e2d39321705e63d5ea4394b\",\"name\":\"Vanguard Healthcare Solutions\",\"image\":{\"@type\":\"ImageObject\",\"inLanguage\":\"pt-PT\",\"@id\":\"https:\\\/\\\/secure.gravatar.com\\\/avatar\\\/7ba7c80067fbd6952425e7e5a94fa842f37365b39fe1fd0a01287a5a0b6f7d2b?s=96&d=mm&r=g\",\"url\":\"https:\\\/\\\/secure.gravatar.com\\\/avatar\\\/7ba7c80067fbd6952425e7e5a94fa842f37365b39fe1fd0a01287a5a0b6f7d2b?s=96&d=mm&r=g\",\"contentUrl\":\"https:\\\/\\\/secure.gravatar.com\\\/avatar\\\/7ba7c80067fbd6952425e7e5a94fa842f37365b39fe1fd0a01287a5a0b6f7d2b?s=96&d=mm&r=g\",\"caption\":\"Vanguard Healthcare Solutions\"},\"sameAs\":[\"https:\\\/\\\/www.vanguardhealthcare.co.uk\"]}]}<\/script>\n<!-- \/ Yoast SEO plugin. -->","yoast_head_json":{"title":"Como se compara a capacidade de UTIs na Austr\u00e1lia? - Q-bital Healthcare Solutions","description":"Como se compara a capacidade de UTI da Austr\u00e1lia, considerando o menor n\u00famero de casos e mortes por Covid-19 em compara\u00e7\u00e3o com muitos outros pa\u00edses?.","robots":{"index":"index","follow":"follow","max-snippet":"max-snippet:-1","max-image-preview":"max-image-preview:large","max-video-preview":"max-video-preview:-1"},"canonical":"https:\/\/www.q-bital.com\/pt_pt\/how-does-australias-icu-capacity-compare\/","og_locale":"pt_PT","og_type":"article","og_title":"How does Australia&#8217;s ICU capacity compare? - Q-bital Healthcare Solutions","og_description":"How does Australia's ICU capacity compare given lower number of Covid-19 cases and deaths than in many other countries.","og_url":"https:\/\/www.q-bital.com\/pt_pt\/how-does-australias-icu-capacity-compare\/","og_site_name":"Q-bital Healthcare Solutions","article_published_time":"2020-05-12T13:58:26+00:00","author":"Vanguard Healthcare Solutions","twitter_card":"summary_large_image","twitter_misc":{"Escrito por":"Vanguard Healthcare Solutions","Tempo estimado de leitura":"3 minutos"},"schema":{"@context":"https:\/\/schema.org","@graph":[{"@type":"Article","@id":"https:\/\/www.q-bital.com\/how-does-australias-icu-capacity-compare\/#article","isPartOf":{"@id":"https:\/\/www.q-bital.com\/how-does-australias-icu-capacity-compare\/"},"author":{"name":"Vanguard Healthcare Solutions","@id":"https:\/\/www.q-bital.com\/#\/schema\/person\/426decd65e2d39321705e63d5ea4394b"},"headline":"How does Australia&#8217;s ICU capacity compare?","datePublished":"2020-05-12T13:58:26+00:00","mainEntityOfPage":{"@id":"https:\/\/www.q-bital.com\/how-does-australias-icu-capacity-compare\/"},"wordCount":621,"image":{"@id":"https:\/\/www.q-bital.com\/how-does-australias-icu-capacity-compare\/#primaryimage"},"thumbnailUrl":"","keywords":["Australia"],"articleSection":["News"],"inLanguage":"pt-PT"},{"@type":"WebPage","@id":"https:\/\/www.q-bital.com\/how-does-australias-icu-capacity-compare\/","url":"https:\/\/www.q-bital.com\/how-does-australias-icu-capacity-compare\/","name":"Como se compara a capacidade de UTIs na Austr\u00e1lia? - Q-bital Healthcare Solutions","isPartOf":{"@id":"https:\/\/www.q-bital.com\/#website"},"primaryImageOfPage":{"@id":"https:\/\/www.q-bital.com\/how-does-australias-icu-capacity-compare\/#primaryimage"},"image":{"@id":"https:\/\/www.q-bital.com\/how-does-australias-icu-capacity-compare\/#primaryimage"},"thumbnailUrl":"","datePublished":"2020-05-12T13:58:26+00:00","author":{"@id":"https:\/\/www.q-bital.com\/#\/schema\/person\/426decd65e2d39321705e63d5ea4394b"},"description":"Como se compara a capacidade de UTI da Austr\u00e1lia, considerando o menor n\u00famero de casos e mortes por Covid-19 em compara\u00e7\u00e3o com muitos outros pa\u00edses?.","inLanguage":"pt-PT","potentialAction":[{"@type":"ReadAction","target":["https:\/\/www.q-bital.com\/how-does-australias-icu-capacity-compare\/"]}]},{"@type":"ImageObject","inLanguage":"pt-PT","@id":"https:\/\/www.q-bital.com\/how-does-australias-icu-capacity-compare\/#primaryimage","url":"","contentUrl":""},{"@type":"WebSite","@id":"https:\/\/www.q-bital.com\/#website","url":"https:\/\/www.q-bital.com\/","name":"Q-bital Healthcare Solutions","description":"","potentialAction":[{"@type":"SearchAction","target":{"@type":"EntryPoint","urlTemplate":"https:\/\/www.q-bital.com\/?s={search_term_string}"},"query-input":{"@type":"PropertyValueSpecification","valueRequired":true,"valueName":"search_term_string"}}],"inLanguage":"pt-PT"},{"@type":"Person","@id":"https:\/\/www.q-bital.com\/#\/schema\/person\/426decd65e2d39321705e63d5ea4394b","name":"Solu\u00e7\u00f5es de sa\u00fade de vanguarda","image":{"@type":"ImageObject","inLanguage":"pt-PT","@id":"https:\/\/secure.gravatar.com\/avatar\/7ba7c80067fbd6952425e7e5a94fa842f37365b39fe1fd0a01287a5a0b6f7d2b?s=96&d=mm&r=g","url":"https:\/\/secure.gravatar.com\/avatar\/7ba7c80067fbd6952425e7e5a94fa842f37365b39fe1fd0a01287a5a0b6f7d2b?s=96&d=mm&r=g","contentUrl":"https:\/\/secure.gravatar.com\/avatar\/7ba7c80067fbd6952425e7e5a94fa842f37365b39fe1fd0a01287a5a0b6f7d2b?s=96&d=mm&r=g","caption":"Vanguard Healthcare Solutions"},"sameAs":["https:\/\/www.vanguardhealthcare.co.uk"]}]}},"_links":{"self":[{"href":"https:\/\/www.q-bital.com\/pt_pt\/wp-json\/wp\/v2\/posts\/2469","targetHints":{"allow":["GET"]}}],"collection":[{"href":"https:\/\/www.q-bital.com\/pt_pt\/wp-json\/wp\/v2\/posts"}],"about":[{"href":"https:\/\/www.q-bital.com\/pt_pt\/wp-json\/wp\/v2\/types\/post"}],"author":[{"embeddable":true,"href":"https:\/\/www.q-bital.com\/pt_pt\/wp-json\/wp\/v2\/users\/1"}],"replies":[{"embeddable":true,"href":"https:\/\/www.q-bital.com\/pt_pt\/wp-json\/wp\/v2\/comments?post=2469"}],"version-history":[{"count":0,"href":"https:\/\/www.q-bital.com\/pt_pt\/wp-json\/wp\/v2\/posts\/2469\/revisions"}],"wp:featuredmedia":[{"embeddable":true,"href":"https:\/\/www.q-bital.com\/pt_pt\/wp-json\/wp\/v2\/pages\/693"}],"wp:attachment":[{"href":"https:\/\/www.q-bital.com\/pt_pt\/wp-json\/wp\/v2\/media?parent=2469"}],"wp:term":[{"taxonomy":"category","embeddable":true,"href":"https:\/\/www.q-bital.com\/pt_pt\/wp-json\/wp\/v2\/categories?post=2469"},{"taxonomy":"post_tag","embeddable":true,"href":"https:\/\/www.q-bital.com\/pt_pt\/wp-json\/wp\/v2\/tags?post=2469"}],"curies":[{"name":"wp","href":"https:\/\/api.w.org\/{rel}","templated":true}]}}