{"id":7333,"date":"2026-09-01T08:41:13","date_gmt":"2026-09-01T08:41:13","guid":{"rendered":"https:\/\/www.q-bital.com\/?p=7333"},"modified":"2026-09-01T08:48:22","modified_gmt":"2026-09-01T08:48:22","slug":"q-bital-healthcare-solutions-welcomes-rebecca-lythe-as-chief-executive-officer","status":"publish","type":"post","link":"https:\/\/www.q-bital.com\/sv_se\/q-bital-healthcare-solutions-welcomes-rebecca-lythe-as-chief-executive-officer\/","title":{"rendered":"Q-bital Healthcare Solutions v\u00e4lkomnar Rebecca Lythe som VD"},"content":{"rendered":"<figure class=\"wp-block-image size-large\"><img loading=\"lazy\" decoding=\"async\" width=\"1024\" height=\"1024\" src=\"https:\/\/www.q-bital.com\/wp-content\/uploads\/sites\/8\/2026\/09\/Rebecca-L-Headshot-QHS-1024x1024.png\" alt=\"\" class=\"wp-image-7334\" srcset=\"https:\/\/www.q-bital.com\/wp-content\/uploads\/sites\/8\/2026\/09\/Rebecca-L-Headshot-QHS-1024x1024.png 1024w, https:\/\/www.q-bital.com\/wp-content\/uploads\/sites\/8\/2026\/09\/Rebecca-L-Headshot-QHS-300x300.png 300w, https:\/\/www.q-bital.com\/wp-content\/uploads\/sites\/8\/2026\/09\/Rebecca-L-Headshot-QHS-150x150.png 150w, https:\/\/www.q-bital.com\/wp-content\/uploads\/sites\/8\/2026\/09\/Rebecca-L-Headshot-QHS-768x768.png 768w, https:\/\/www.q-bital.com\/wp-content\/uploads\/sites\/8\/2026\/09\/Rebecca-L-Headshot-QHS-12x12.png 12w, https:\/\/www.q-bital.com\/wp-content\/uploads\/sites\/8\/2026\/09\/Rebecca-L-Headshot-QHS.png 1200w\" sizes=\"auto, (max-width: 1024px) 100vw, 1024px\" \/><\/figure>\n<p class=\"wp-block-paragraph\">Rebecca ansluter sig till koncernen med omfattande erfarenhet av ledarskap, strategi, transformation och operativ leverans inom h\u00e4lso- och sjukv\u00e5rd.<\/p>\n<p class=\"wp-block-paragraph\">Senast arbetade hon sju \u00e5r p\u00e5 Specsavers Group, inklusive mer \u00e4n fyra \u00e5r som VD f\u00f6r Newmedica, en av Storbritanniens ledande leverant\u00f6rer av specialiserad \u00f6gonv\u00e5rd. Under sin tid p\u00e5 Newmedica ledde Rebecca den betydande expansionen av organisationens nationella n\u00e4rvaro och arbetade n\u00e4ra v\u00e5rdkommission\u00e4rer och partners f\u00f6r att \u00f6ka tillg\u00e5ngen till h\u00f6gkvalitativ patientv\u00e5rd.<\/p>\n<p class=\"wp-block-paragraph\">Hon har \u00e4ven betydande erfarenhet fr\u00e5n seniora strategi-, transformations- och ledarroller p\u00e5 Specsavers och ASDA, efter en tidigare karri\u00e4r hos KPMG.<\/p>\n<p class=\"wp-block-paragraph\">Hennes utn\u00e4mning kommer vid en sp\u00e4nnande tidpunkt f\u00f6r Q-bital d\u00e5 vi forts\u00e4tter att arbeta med v\u00e5rdorganisationer internationellt f\u00f6r att hantera kapacitetsbegr\u00e4nsningar, modernisera v\u00e5rdinfrastrukturen och uppr\u00e4tth\u00e5lla tillg\u00e5ngen till viktiga kliniska tj\u00e4nster.<\/p>\n<p class=\"wp-block-paragraph\">Rebecca sa:<\/p>\n<blockquote class=\"wp-block-quote is-layout-flow wp-block-quote-is-layout-flow\">\n<p class=\"wp-block-paragraph\">\u201cDet som lockade mig med Q-bital var m\u00f6jligheten att vara en del av l\u00f6sningen f\u00f6r att hj\u00e4lpa fler patienter. Vi har ett erfaret team, en stark meritlista och en f\u00f6rm\u00e5ga att snabbt och flexibelt tillhandah\u00e5lla h\u00f6gkvalitativa, koldioxidsn\u00e5la v\u00e5rdmilj\u00f6er, och till l\u00e4gre kostnad \u00e4n traditionella byggen.\u201d.<\/p>\n<p class=\"wp-block-paragraph\">\u201cJag brinner f\u00f6r att samarbeta med v\u00e5rdgivare f\u00f6r att hj\u00e4lpa deras team att ge b\u00e4ttre v\u00e5rd till patienter. Mitt fokus kommer att ligga p\u00e5 att uppr\u00e4tth\u00e5lla h\u00f6g klinisk kvalitet, st\u00e4rka v\u00e5ra partnerskap, forts\u00e4tta att f\u00f6rnya sig och s\u00e4kerst\u00e4lla att v\u00e5r strategi \u00e4r n\u00e4ra anpassad till vad v\u00e5rdsystemen beh\u00f6ver fr\u00e5n oss.\u201d<\/p>\n<\/blockquote>\n<p class=\"wp-block-paragraph\">Q-bital erbjuder flexibel mobil och modul\u00e4r v\u00e5rdinfrastruktur utformad kring behoven hos enskilda v\u00e5rdsystem. V\u00e5ra anl\u00e4ggningar kan hj\u00e4lpa organisationer att inf\u00f6ra ytterligare klinisk kapacitet, uppr\u00e4tth\u00e5lla tj\u00e4nster under renoverings- och omkonfigureringsprojekt och skapa nya v\u00e5rdmilj\u00f6er i takt.<\/p>\n<p class=\"wp-block-paragraph\">L\u00f6sningarna inkluderar operationssalar, kirurgiska nav, endoskopianl\u00e4ggningar, steriliserings- och dekontamineringsanl\u00e4ggningar, avdelningar, diagnostiska salar, \u00f6ppenv\u00e5rdsmottagningar och akutmottagningar.<\/p>\n<p class=\"wp-block-paragraph\">Dr Graham Rich, ordf\u00f6rande f\u00f6r Q-bital Healthcare Solutions, sa:<\/p>\n<blockquote class=\"wp-block-quote is-layout-flow wp-block-quote-is-layout-flow\">\n<p class=\"wp-block-paragraph\">\u201c&quot;Rebecca bidrar med en exceptionell kombination av ledarskap inom h\u00e4lso- och sjukv\u00e5rden, strategisk f\u00f6rm\u00e5ga och erfarenhet av att utveckla h\u00f6gkvalitativa kliniska tj\u00e4nster. Viktigt \u00e4r att hon f\u00f6rst\u00e5r b\u00e5de de operativa realiteter som v\u00e5rdgivare st\u00e5r inf\u00f6r och vikten av att samarbeta med kliniker, best\u00e4llare och ledare inom h\u00e4lso- och sjukv\u00e5rden.&quot;.<\/p>\n<p class=\"wp-block-paragraph\">\u201cVanguard and Q-bital have an important role to play in helping healthcare systems address capacity and infrastructure challenges, and I am delighted to welcome Rebecca to lead the business through its next phase of development.\u201d<\/p>\n<\/blockquote>\n<p class=\"wp-block-paragraph\">As CEO, Rebecca will lead the wider ###<a href=\"https:\/\/www.vanguardhealthcare.co.uk\/\">Vanguard-gruppen<\/a>###, including the continued development of Q-bital Healthcare Solutions internationally.<\/p>\n<p class=\"wp-block-paragraph\">Rebecca tillade om m\u00f6jligheterna fram\u00f6ver:<\/p>\n<blockquote class=\"wp-block-quote is-layout-flow wp-block-quote-is-layout-flow\">\n<p class=\"wp-block-paragraph\">\u201cDet finns betydande potential ut\u00f6ver v\u00e5r etablerade brittiska h\u00e4lsov\u00e5rdsverksamhet. Jag \u00e4r entusiastisk \u00f6ver den fortsatta utvecklingen av Q-bital internationellt och m\u00f6jligheten att bygga vidare p\u00e5 den expertis, de relationer och den meritlista som redan etablerats p\u00e5 v\u00e5ra internationella marknader.\u201d<\/p>\n<\/blockquote>\n<p class=\"wp-block-paragraph\"><strong>Vi \u00e4r glada att v\u00e4lkomna Rebecca och ser fram emot n\u00e4sta kapitel i takt med att Q-bital forts\u00e4tter att arbeta i partnerskap med v\u00e5rdorganisationer runt om i v\u00e4rlden f\u00f6r att skapa flexibla och h\u00f6gkvalitativa kliniska milj\u00f6er och hj\u00e4lpa fler patienter att f\u00e5 tillg\u00e5ng till den v\u00e5rd de beh\u00f6ver.<\/strong><\/p>","protected":false},"excerpt":{"rendered":"<p>Q-bital Healthcare Solutions \u00e4r glada att v\u00e4lkomna Rebecca Lythe som VD f\u00f6r den bredare Vanguard Healthcare Solutions Group, d\u00e5 hon tilltr\u00e4der rollen fr\u00e5n och med den 1 september 2026.<\/p>","protected":false},"author":11,"featured_media":7334,"comment_status":"closed","ping_status":"closed","sticky":false,"template":"","format":"standard","meta":{"_acf_changed":false,"footnotes":""},"categories":[1],"tags":[],"class_list":["post-7333","post","type-post","status-publish","format-standard","has-post-thumbnail","hentry","category-uncategorized"],"acf":[],"yoast_head":"<!-- This site is optimized with the Yoast SEO plugin v28.4 - https:\/\/yoast.com\/product\/yoast-seo-wordpress\/ -->\n<title>Q-bital Healthcare Solutions welcomes Rebecca Lythe as Chief Executive Officer - Q-bital Healthcare Solutions<\/title>\n<meta name=\"robots\" content=\"index, follow, max-snippet:-1, max-image-preview:large, max-video-preview:-1\" \/>\n<link rel=\"canonical\" href=\"https:\/\/www.q-bital.com\/sv_se\/q-bital-healthcare-solutions-welcomes-rebecca-lythe-as-chief-executive-officer\/\" \/>\n<meta property=\"og:locale\" content=\"sv_SE\" \/>\n<meta property=\"og:type\" content=\"article\" \/>\n<meta property=\"og:title\" content=\"Q-bital Healthcare Solutions welcomes Rebecca Lythe as Chief Executive Officer - Q-bital Healthcare Solutions\" \/>\n<meta property=\"og:description\" content=\"Q-bital Healthcare Solutions is delighted to welcome Rebecca Lythe as Chief Executive Officer of the wider Vanguard Healthcare Solutions Group, as she takes up the role from 1 September 2026.\" \/>\n<meta property=\"og:url\" content=\"https:\/\/www.q-bital.com\/sv_se\/q-bital-healthcare-solutions-welcomes-rebecca-lythe-as-chief-executive-officer\/\" \/>\n<meta property=\"og:site_name\" content=\"Q-bital Healthcare Solutions\" \/>\n<meta property=\"article:published_time\" content=\"2026-09-01T08:41:13+00:00\" \/>\n<meta property=\"article:modified_time\" content=\"2026-09-01T08:48:22+00:00\" \/>\n<meta property=\"og:image\" content=\"https:\/\/www.q-bital.com\/wp-content\/uploads\/sites\/8\/2026\/09\/Rebecca-L-Headshot-QHS.png\" \/>\n\t<meta property=\"og:image:width\" content=\"1200\" \/>\n\t<meta property=\"og:image:height\" content=\"1200\" \/>\n\t<meta property=\"og:image:type\" content=\"image\/png\" \/>\n<meta name=\"author\" content=\"chrissybligh\" \/>\n<meta name=\"twitter:card\" content=\"summary_large_image\" \/>\n<meta name=\"twitter:label1\" content=\"Skriven av\" \/>\n\t<meta name=\"twitter:data1\" content=\"chrissybligh\" \/>\n\t<meta name=\"twitter:label2\" content=\"Ber\u00e4knad l\u00e4stid\" \/>\n\t<meta name=\"twitter:data2\" content=\"2 minuter\" \/>\n<script type=\"application\/ld+json\" class=\"yoast-schema-graph\">{\"@context\":\"https:\\\/\\\/schema.org\",\"@graph\":[{\"@type\":\"Article\",\"@id\":\"https:\\\/\\\/www.q-bital.com\\\/q-bital-healthcare-solutions-welcomes-rebecca-lythe-as-chief-executive-officer\\\/#article\",\"isPartOf\":{\"@id\":\"https:\\\/\\\/www.q-bital.com\\\/q-bital-healthcare-solutions-welcomes-rebecca-lythe-as-chief-executive-officer\\\/\"},\"author\":{\"name\":\"chrissybligh\",\"@id\":\"https:\\\/\\\/www.q-bital.com\\\/#\\\/schema\\\/person\\\/a7817235898449de836f9c0de1c782d5\"},\"headline\":\"Q-bital Healthcare Solutions welcomes Rebecca Lythe as Chief Executive Officer\",\"datePublished\":\"2026-09-01T08:41:13+00:00\",\"dateModified\":\"2026-09-01T08:48:22+00:00\",\"mainEntityOfPage\":{\"@id\":\"https:\\\/\\\/www.q-bital.com\\\/q-bital-healthcare-solutions-welcomes-rebecca-lythe-as-chief-executive-officer\\\/\"},\"wordCount\":483,\"image\":{\"@id\":\"https:\\\/\\\/www.q-bital.com\\\/q-bital-healthcare-solutions-welcomes-rebecca-lythe-as-chief-executive-officer\\\/#primaryimage\"},\"thumbnailUrl\":\"https:\\\/\\\/www.q-bital.com\\\/wp-content\\\/uploads\\\/sites\\\/8\\\/2026\\\/09\\\/Rebecca-L-Headshot-QHS.png\",\"articleSection\":[\"Uncategorized\"],\"inLanguage\":\"sv-SE\"},{\"@type\":\"WebPage\",\"@id\":\"https:\\\/\\\/www.q-bital.com\\\/q-bital-healthcare-solutions-welcomes-rebecca-lythe-as-chief-executive-officer\\\/\",\"url\":\"https:\\\/\\\/www.q-bital.com\\\/q-bital-healthcare-solutions-welcomes-rebecca-lythe-as-chief-executive-officer\\\/\",\"name\":\"Q-bital Healthcare Solutions welcomes Rebecca Lythe as Chief Executive Officer - Q-bital Healthcare Solutions\",\"isPartOf\":{\"@id\":\"https:\\\/\\\/www.q-bital.com\\\/#website\"},\"primaryImageOfPage\":{\"@id\":\"https:\\\/\\\/www.q-bital.com\\\/q-bital-healthcare-solutions-welcomes-rebecca-lythe-as-chief-executive-officer\\\/#primaryimage\"},\"image\":{\"@id\":\"https:\\\/\\\/www.q-bital.com\\\/q-bital-healthcare-solutions-welcomes-rebecca-lythe-as-chief-executive-officer\\\/#primaryimage\"},\"thumbnailUrl\":\"https:\\\/\\\/www.q-bital.com\\\/wp-content\\\/uploads\\\/sites\\\/8\\\/2026\\\/09\\\/Rebecca-L-Headshot-QHS.png\",\"datePublished\":\"2026-09-01T08:41:13+00:00\",\"dateModified\":\"2026-09-01T08:48:22+00:00\",\"author\":{\"@id\":\"https:\\\/\\\/www.q-bital.com\\\/#\\\/schema\\\/person\\\/a7817235898449de836f9c0de1c782d5\"},\"inLanguage\":\"sv-SE\",\"potentialAction\":[{\"@type\":\"ReadAction\",\"target\":[\"https:\\\/\\\/www.q-bital.com\\\/q-bital-healthcare-solutions-welcomes-rebecca-lythe-as-chief-executive-officer\\\/\"]}]},{\"@type\":\"ImageObject\",\"inLanguage\":\"sv-SE\",\"@id\":\"https:\\\/\\\/www.q-bital.com\\\/q-bital-healthcare-solutions-welcomes-rebecca-lythe-as-chief-executive-officer\\\/#primaryimage\",\"url\":\"https:\\\/\\\/www.q-bital.com\\\/wp-content\\\/uploads\\\/sites\\\/8\\\/2026\\\/09\\\/Rebecca-L-Headshot-QHS.png\",\"contentUrl\":\"https:\\\/\\\/www.q-bital.com\\\/wp-content\\\/uploads\\\/sites\\\/8\\\/2026\\\/09\\\/Rebecca-L-Headshot-QHS.png\",\"width\":1200,\"height\":1200},{\"@type\":\"WebSite\",\"@id\":\"https:\\\/\\\/www.q-bital.com\\\/#website\",\"url\":\"https:\\\/\\\/www.q-bital.com\\\/\",\"name\":\"Q-bital Healthcare Solutions\",\"description\":\"\",\"potentialAction\":[{\"@type\":\"SearchAction\",\"target\":{\"@type\":\"EntryPoint\",\"urlTemplate\":\"https:\\\/\\\/www.q-bital.com\\\/?s={search_term_string}\"},\"query-input\":{\"@type\":\"PropertyValueSpecification\",\"valueRequired\":true,\"valueName\":\"search_term_string\"}}],\"inLanguage\":\"sv-SE\"},{\"@type\":\"Person\",\"@id\":\"https:\\\/\\\/www.q-bital.com\\\/#\\\/schema\\\/person\\\/a7817235898449de836f9c0de1c782d5\",\"name\":\"chrissybligh\",\"image\":{\"@type\":\"ImageObject\",\"inLanguage\":\"sv-SE\",\"@id\":\"https:\\\/\\\/secure.gravatar.com\\\/avatar\\\/68263e1def00912ffced2190270fc09ca3bf608ccf0a2d6ad1fde586b4e54b10?s=96&d=mm&r=g\",\"url\":\"https:\\\/\\\/secure.gravatar.com\\\/avatar\\\/68263e1def00912ffced2190270fc09ca3bf608ccf0a2d6ad1fde586b4e54b10?s=96&d=mm&r=g\",\"contentUrl\":\"https:\\\/\\\/secure.gravatar.com\\\/avatar\\\/68263e1def00912ffced2190270fc09ca3bf608ccf0a2d6ad1fde586b4e54b10?s=96&d=mm&r=g\",\"caption\":\"chrissybligh\"}}]}<\/script>\n<!-- \/ Yoast SEO plugin. -->","yoast_head_json":{"title":"Q-bital Healthcare Solutions welcomes Rebecca Lythe as Chief Executive Officer - Q-bital Healthcare Solutions","robots":{"index":"index","follow":"follow","max-snippet":"max-snippet:-1","max-image-preview":"max-image-preview:large","max-video-preview":"max-video-preview:-1"},"canonical":"https:\/\/www.q-bital.com\/sv_se\/q-bital-healthcare-solutions-welcomes-rebecca-lythe-as-chief-executive-officer\/","og_locale":"sv_SE","og_type":"article","og_title":"Q-bital Healthcare Solutions welcomes Rebecca Lythe as Chief Executive Officer - Q-bital Healthcare Solutions","og_description":"Q-bital Healthcare Solutions is delighted to welcome Rebecca Lythe as Chief Executive Officer of the wider Vanguard Healthcare Solutions Group, as she takes up the role from 1 September 2026.","og_url":"https:\/\/www.q-bital.com\/sv_se\/q-bital-healthcare-solutions-welcomes-rebecca-lythe-as-chief-executive-officer\/","og_site_name":"Q-bital Healthcare Solutions","article_published_time":"2026-09-01T08:41:13+00:00","article_modified_time":"2026-09-01T08:48:22+00:00","og_image":[{"width":1200,"height":1200,"url":"https:\/\/www.q-bital.com\/wp-content\/uploads\/sites\/8\/2026\/09\/Rebecca-L-Headshot-QHS.png","type":"image\/png"}],"author":"chrissybligh","twitter_card":"summary_large_image","twitter_misc":{"Skriven av":"chrissybligh","Ber\u00e4knad l\u00e4stid":"2 minuter"},"schema":{"@context":"https:\/\/schema.org","@graph":[{"@type":"Article","@id":"https:\/\/www.q-bital.com\/q-bital-healthcare-solutions-welcomes-rebecca-lythe-as-chief-executive-officer\/#article","isPartOf":{"@id":"https:\/\/www.q-bital.com\/q-bital-healthcare-solutions-welcomes-rebecca-lythe-as-chief-executive-officer\/"},"author":{"name":"chrissybligh","@id":"https:\/\/www.q-bital.com\/#\/schema\/person\/a7817235898449de836f9c0de1c782d5"},"headline":"Q-bital Healthcare Solutions welcomes Rebecca Lythe as Chief Executive Officer","datePublished":"2026-09-01T08:41:13+00:00","dateModified":"2026-09-01T08:48:22+00:00","mainEntityOfPage":{"@id":"https:\/\/www.q-bital.com\/q-bital-healthcare-solutions-welcomes-rebecca-lythe-as-chief-executive-officer\/"},"wordCount":483,"image":{"@id":"https:\/\/www.q-bital.com\/q-bital-healthcare-solutions-welcomes-rebecca-lythe-as-chief-executive-officer\/#primaryimage"},"thumbnailUrl":"https:\/\/www.q-bital.com\/wp-content\/uploads\/sites\/8\/2026\/09\/Rebecca-L-Headshot-QHS.png","articleSection":["Uncategorized"],"inLanguage":"sv-SE"},{"@type":"WebPage","@id":"https:\/\/www.q-bital.com\/q-bital-healthcare-solutions-welcomes-rebecca-lythe-as-chief-executive-officer\/","url":"https:\/\/www.q-bital.com\/q-bital-healthcare-solutions-welcomes-rebecca-lythe-as-chief-executive-officer\/","name":"Q-bital Healthcare Solutions welcomes Rebecca Lythe as Chief Executive Officer - Q-bital Healthcare Solutions","isPartOf":{"@id":"https:\/\/www.q-bital.com\/#website"},"primaryImageOfPage":{"@id":"https:\/\/www.q-bital.com\/q-bital-healthcare-solutions-welcomes-rebecca-lythe-as-chief-executive-officer\/#primaryimage"},"image":{"@id":"https:\/\/www.q-bital.com\/q-bital-healthcare-solutions-welcomes-rebecca-lythe-as-chief-executive-officer\/#primaryimage"},"thumbnailUrl":"https:\/\/www.q-bital.com\/wp-content\/uploads\/sites\/8\/2026\/09\/Rebecca-L-Headshot-QHS.png","datePublished":"2026-09-01T08:41:13+00:00","dateModified":"2026-09-01T08:48:22+00:00","author":{"@id":"https:\/\/www.q-bital.com\/#\/schema\/person\/a7817235898449de836f9c0de1c782d5"},"inLanguage":"sv-SE","potentialAction":[{"@type":"ReadAction","target":["https:\/\/www.q-bital.com\/q-bital-healthcare-solutions-welcomes-rebecca-lythe-as-chief-executive-officer\/"]}]},{"@type":"ImageObject","inLanguage":"sv-SE","@id":"https:\/\/www.q-bital.com\/q-bital-healthcare-solutions-welcomes-rebecca-lythe-as-chief-executive-officer\/#primaryimage","url":"https:\/\/www.q-bital.com\/wp-content\/uploads\/sites\/8\/2026\/09\/Rebecca-L-Headshot-QHS.png","contentUrl":"https:\/\/www.q-bital.com\/wp-content\/uploads\/sites\/8\/2026\/09\/Rebecca-L-Headshot-QHS.png","width":1200,"height":1200},{"@type":"WebSite","@id":"https:\/\/www.q-bital.com\/#website","url":"https:\/\/www.q-bital.com\/","name":"Q-bital Healthcare Solutions","description":"","potentialAction":[{"@type":"SearchAction","target":{"@type":"EntryPoint","urlTemplate":"https:\/\/www.q-bital.com\/?s={search_term_string}"},"query-input":{"@type":"PropertyValueSpecification","valueRequired":true,"valueName":"search_term_string"}}],"inLanguage":"sv-SE"},{"@type":"Person","@id":"https:\/\/www.q-bital.com\/#\/schema\/person\/a7817235898449de836f9c0de1c782d5","name":"chrissybligh","image":{"@type":"ImageObject","inLanguage":"sv-SE","@id":"https:\/\/secure.gravatar.com\/avatar\/68263e1def00912ffced2190270fc09ca3bf608ccf0a2d6ad1fde586b4e54b10?s=96&d=mm&r=g","url":"https:\/\/secure.gravatar.com\/avatar\/68263e1def00912ffced2190270fc09ca3bf608ccf0a2d6ad1fde586b4e54b10?s=96&d=mm&r=g","contentUrl":"https:\/\/secure.gravatar.com\/avatar\/68263e1def00912ffced2190270fc09ca3bf608ccf0a2d6ad1fde586b4e54b10?s=96&d=mm&r=g","caption":"chrissybligh"}}]}},"_links":{"self":[{"href":"https:\/\/www.q-bital.com\/sv_se\/wp-json\/wp\/v2\/posts\/7333","targetHints":{"allow":["GET"]}}],"collection":[{"href":"https:\/\/www.q-bital.com\/sv_se\/wp-json\/wp\/v2\/posts"}],"about":[{"href":"https:\/\/www.q-bital.com\/sv_se\/wp-json\/wp\/v2\/types\/post"}],"author":[{"embeddable":true,"href":"https:\/\/www.q-bital.com\/sv_se\/wp-json\/wp\/v2\/users\/11"}],"replies":[{"embeddable":true,"href":"https:\/\/www.q-bital.com\/sv_se\/wp-json\/wp\/v2\/comments?post=7333"}],"version-history":[{"count":2,"href":"https:\/\/www.q-bital.com\/sv_se\/wp-json\/wp\/v2\/posts\/7333\/revisions"}],"predecessor-version":[{"id":7338,"href":"https:\/\/www.q-bital.com\/sv_se\/wp-json\/wp\/v2\/posts\/7333\/revisions\/7338"}],"wp:featuredmedia":[{"embeddable":true,"href":"https:\/\/www.q-bital.com\/sv_se\/wp-json\/wp\/v2\/media\/7334"}],"wp:attachment":[{"href":"https:\/\/www.q-bital.com\/sv_se\/wp-json\/wp\/v2\/media?parent=7333"}],"wp:term":[{"taxonomy":"category","embeddable":true,"href":"https:\/\/www.q-bital.com\/sv_se\/wp-json\/wp\/v2\/categories?post=7333"},{"taxonomy":"post_tag","embeddable":true,"href":"https:\/\/www.q-bital.com\/sv_se\/wp-json\/wp\/v2\/tags?post=7333"}],"curies":[{"name":"wp","href":"https:\/\/api.w.org\/{rel}","templated":true}]}}