{"id":2469,"date":"2020-05-12T13:58:26","date_gmt":"2020-05-12T13:58:26","guid":{"rendered":"https:\/\/www.q-bital.com\/?p=2469"},"modified":"2020-05-12T13:58:26","modified_gmt":"2020-05-12T13:58:26","slug":"how-does-australias-icu-capacity-compare","status":"publish","type":"post","link":"https:\/\/www.q-bital.com\/tr_tr\/how-does-australias-icu-capacity-compare\/","title":{"rendered":"Avustralya&#039;n\u0131n yo\u011fun bak\u0131m kapasitesi nas\u0131l kar\u015f\u0131la\u015ft\u0131r\u0131l\u0131r?"},"content":{"rendered":"<p>\u015eu ana kadar kan\u0131tlar Avustralya&#039;daki Kovid-19 vakalar\u0131n\u0131n ve \u00f6l\u00fcmlerinin say\u0131s\u0131n\u0131n artt\u0131\u011f\u0131n\u0131 g\u00f6steriyor\n<a href=\"https:\/\/www.arcgis.com\/apps\/opsdashboard\/index.html#\/bda7594740fd40299423467b48e9ecf6\">\n di\u011fer bir\u00e7ok \u00fclkeye g\u00f6re daha d\u00fc\u015f\u00fck\n<\/a>\nHer ne kadar salg\u0131n\u0131n hen\u00fcz kontrol alt\u0131nda oldu\u011fu d\u00fc\u015f\u00fcn\u00fclmese de.<\/p>\n<p>Avustralya hastaneleri de Kovid-19 hasta ak\u0131n\u0131yla nispeten iyi ba\u015fa \u00e7\u0131km\u0131\u015f gibi g\u00f6r\u00fcn\u00fcyor ve bunun potansiyel nedenlerinden biri, ba\u015flang\u0131\u00e7ta makul miktarda ek kapasitenin mevcut olmas\u0131d\u0131r. Elbette, elektif ameliyatlar\u0131n iptal edilmesi ve \u00e7ok h\u0131zl\u0131 bir \u015fekilde faaliyete ge\u00e7irilebilecek esnek mod\u00fcler altyap\u0131n\u0131n kullan\u0131lmas\u0131 da dahil olmak \u00fczere, H\u00fck\u00fcmet ile bireysel eyaletler ve hastaneler taraf\u0131ndan al\u0131nan \u00f6nlemlerin de etkisi oldu.<\/p>\n<p>Sonu\u00e7 hakk\u0131nda spek\u00fclasyon yapmak i\u00e7in hen\u00fcz \u00e7ok erken olsa da, Avustralya&#039;n\u0131n yo\u011fun bak\u0131m kapasitesinin di\u011fer \u00fclkelerle kar\u015f\u0131la\u015ft\u0131r\u0131ld\u0131\u011f\u0131nda nas\u0131l oldu\u011funa bakmak ilgin\u00e7. Resmi rakamlar, Avustralya&#039;da 191 yo\u011fun bak\u0131m \u00fcnitesinin bulundu\u011funu ve temel aktivite s\u0131ras\u0131nda toplam 2.378 yo\u011fun bak\u0131m yata\u011f\u0131n\u0131n bulundu\u011funu g\u00f6steriyor; bu da 100.000 n\u00fcfus ba\u015f\u0131na yakla\u015f\u0131k 9,4 yo\u011fun bak\u0131m yata\u011f\u0131n\u0131 temsil ediyor. Rakamlar krizden \u00f6nce derlendi ve bu nedenle hastanelere veya ge\u00e7ici ko\u011fu\u015flara veya o zamandan bu yana &#039;saha hastaneleri&#039; olarak adland\u0131r\u0131lanlara eklenen yataklar\u0131 i\u00e7ermiyor.<\/p>\n<p>Bir\n<a href=\"https:\/\/www.statista.com\/chart\/21105\/number-of-critical-care-beds-per-100000-inhabitants\/\">\n uluslararas\u0131 kar\u015f\u0131la\u015ft\u0131rma\n<\/a>\nAvustralya&#039;n\u0131n n\u00fcfus ba\u015f\u0131na yo\u011fun bak\u0131m yatak say\u0131s\u0131n\u0131n, 100.000 ki\u015fi ba\u015f\u0131na kabaca 6,6 yatak bulunan Birle\u015fik Krall\u0131k, Japonya (7,3) ve \u00c7in (3,6) dahil olmak \u00fczere bir\u00e7ok \u00fclkeden daha fazla oldu\u011funu, ancak ABD&#039;den (34,7) ve di\u011fer baz\u0131 \u00fclkelerden \u00f6nemli \u00f6l\u00e7\u00fcde daha az oldu\u011funu g\u00f6stermektedir. b\u00fcy\u00fck Avrupa \u00fclkeleri. Bu say\u0131 ayn\u0131 zamanda n\u00fcfus b\u00fcy\u00fckl\u00fc\u011f\u00fc a\u00e7\u0131s\u0131ndan nispeten yak\u0131n olan ve hesaplamalar i\u00e7in kullan\u0131lan y\u00f6nteme ba\u011fl\u0131 olarak 100.000 ki\u015fi ba\u015f\u0131na 10-12 yo\u011fun bak\u0131m yata\u011f\u0131n\u0131n oldu\u011fu tahmin edilen Kanada&#039;dakinden de biraz daha d\u00fc\u015f\u00fckt\u00fcr.\n<img loading=\"lazy\" decoding=\"async\" alt=\"\" class=\"alignnone wp-image-2470\" height=\"480\" src=\"\/wp-content\/uploads\/sites\/8\/legacy\/2020\/05\/4.-Critical-Care-Beds-Australia-Chart.png\" width=\"670\" \/>\nAyr\u0131ca, bir\n<a href=\"https:\/\/www.mja.com.au\/journal\/2020\/surge-capacity-australian-intensive-care-units-associated-covid-19-admissions\">\n son modelleme egzersizi\n<\/a>\nMart ay\u0131n\u0131n sonunda yay\u0131nlanan Avustralya yo\u011fun bak\u0131m \u00fcnitelerinin kapasitesindeki art\u0131\u015fa ili\u015fkin\n<a href=\"https:\/\/www.mja.com.au\">\n Avustralya T\u0131p Dergisi\n<\/a>\n, artan Kovid-19 talebine yan\u0131t olarak yo\u011fun bak\u0131m yatak kapasitesinin neredeyse \u00fc\u00e7 kat\u0131na \u00e7\u0131kma potansiyeli oldu\u011funu buldu.<\/p>\n<p>Ara\u015ft\u0131rmaya g\u00f6re Avustralya yo\u011fun bak\u0131m \u00fcniteleri, ihtiya\u00e7 duyulmas\u0131 halinde yo\u011fun bak\u0131m yatak say\u0131s\u0131n\u0131 4.261 (189%) daha art\u0131rabilir. Ancak bu seviyede solunum cihaz\u0131 ve muhtemelen KKD ekipman\u0131 s\u0131k\u0131nt\u0131s\u0131 ya\u015fanacakt\u0131r. \u00c7al\u0131\u015fma, ventilat\u00f6rlerin dalgalanma potansiyelinin 2.000&#039;in biraz \u00fczerinde oldu\u011funu, dolay\u0131s\u0131yla yataklar a\u00e7\u0131s\u0131ndan maksimum dalgalanma kapasitesini yaln\u0131zca k\u0131smen kar\u015f\u0131layabilece\u011fini tahmin etti.<\/p>\n<p>Kapasiteyi potansiyel olarak k\u0131s\u0131tlayan di\u011fer bir konu da solunum cihazlar\u0131n\u0131 \u00e7al\u0131\u015ft\u0131rmak i\u00e7in gereken sa\u011fl\u0131k i\u015f g\u00fcc\u00fc olabilir. Modelleme \u00e7al\u0131\u015fmas\u0131, maksimum art\u0131\u015f kapasitesinde ilave 4.000 k\u0131demli doktor ve 42.700 kay\u0131tl\u0131 yo\u011fun bak\u0131m hem\u015firesine ihtiya\u00e7 duyulabilece\u011fini g\u00f6sterdi.<\/p>\n<p>Bug\u00fcne kadar \u00e7o\u011fu Avustralya hastanesinde hala bo\u015f kapasite bulunurken, Avrupa&#039;da \u0130talya gibi daha fazla say\u0131da Kovid-19 vakas\u0131n\u0131n g\u00f6r\u00fcld\u00fc\u011f\u00fc bir\u00e7ok \u00fclke daha fazla bask\u0131 alt\u0131ndayd\u0131. K\u0131\u015f mevsiminin yakla\u015ft\u0131\u011f\u0131 ve ikinci bir vaka dalgas\u0131n\u0131n olas\u0131 oldu\u011fu g\u00f6z \u00f6n\u00fcne al\u0131nd\u0131\u011f\u0131nda, bu durumun devam edip etmeyece\u011fini zaman g\u00f6sterecek.<\/p>\n<p>\u00dclkeler farkl\u0131 sa\u011fl\u0131k sistemlerine ve farkl\u0131 istatistik toplama y\u00f6ntemlerine sahip oldu\u011fundan adil uluslararas\u0131 kar\u015f\u0131la\u015ft\u0131rmalar yapmak zordur. Rapor edilen yo\u011fun bak\u0131m yatak say\u0131lar\u0131n\u0131n g\u00fcvenilirli\u011finin, verilerin ya\u015f\u0131n\u0131n ve hesaplamalar i\u00e7in kullan\u0131lan y\u00f6ntemlerin g\u00fcvenilirli\u011finin de \u00fclkeler aras\u0131nda farkl\u0131l\u0131k g\u00f6sterdi\u011fi unutulmamal\u0131d\u0131r. Bununla birlikte, rakamlar genel kar\u015f\u0131la\u015ft\u0131rma i\u00e7in bir temel olu\u015fturmaktad\u0131r.<\/p>\n<p>Pandemi sona erdi\u011finde ya da en az\u0131ndan baz\u0131 normallik seviyelerine geri d\u00f6nd\u00fc\u011f\u00fcm\u00fczde, mevcut krizin d\u00fcnya \u00e7ap\u0131ndaki yo\u011fun bak\u0131m yataklar\u0131n\u0131n say\u0131s\u0131 \u00fczerinde uzun vadede nas\u0131l bir etki yarataca\u011f\u0131n\u0131 g\u00f6rmek ilgin\u00e7 olacak. Baz\u0131 \u00fclkelerde, Kovid-19 salg\u0131n\u0131 nedeniyle olu\u015fturulmas\u0131 gereken ilave yataklar ve bu sorunla ba\u015fa \u00e7\u0131kmak i\u00e7in \u00fcretilen \u00e7ok say\u0131da ilave solunum cihaz\u0131 nedeniyle temel yo\u011fun bak\u0131m \u00fcnitesi kapasitesinin kal\u0131c\u0131 olarak de\u011fi\u015fmesi muhtemel. eksikliklerin de olumlu bir etkisi olabilir.<\/p>","protected":false},"excerpt":{"rendered":"<p>Kan\u0131tlar, Avustralya&#039;daki Kovid-19 vaka ve \u00f6l\u00fcm say\u0131s\u0131n\u0131n di\u011fer bir\u00e7ok \u00fclkeye g\u00f6re daha d\u00fc\u015f\u00fck oldu\u011funu g\u00f6steriyor<\/p>","protected":false},"author":1,"featured_media":693,"comment_status":"closed","ping_status":"closed","sticky":false,"template":"","format":"standard","meta":{"_acf_changed":false,"footnotes":""},"categories":[2],"tags":[136],"class_list":["post-2469","post","type-post","status-publish","format-standard","has-post-thumbnail","hentry","category-news","tag-australia"],"acf":[],"yoast_head":"<!-- This site is optimized with the Yoast SEO plugin v27.4 - https:\/\/yoast.com\/product\/yoast-seo-wordpress\/ -->\n<title>How does Australia&#8217;s ICU capacity compare? - Q-bital Healthcare Solutions<\/title>\n<meta name=\"description\" content=\"How does Australia&#039;s ICU capacity compare given lower number of Covid-19 cases and deaths than in many other countries.\" \/>\n<meta name=\"robots\" content=\"index, follow, max-snippet:-1, max-image-preview:large, max-video-preview:-1\" \/>\n<link rel=\"canonical\" href=\"https:\/\/www.q-bital.com\/tr_tr\/how-does-australias-icu-capacity-compare\/\" \/>\n<meta property=\"og:locale\" content=\"tr_TR\" \/>\n<meta property=\"og:type\" content=\"article\" \/>\n<meta property=\"og:title\" content=\"How does Australia&#8217;s ICU capacity compare? - Q-bital Healthcare Solutions\" \/>\n<meta property=\"og:description\" content=\"How does Australia&#039;s ICU capacity compare given lower number of Covid-19 cases and deaths than in many other countries.\" \/>\n<meta property=\"og:url\" content=\"https:\/\/www.q-bital.com\/tr_tr\/how-does-australias-icu-capacity-compare\/\" \/>\n<meta property=\"og:site_name\" content=\"Q-bital Healthcare Solutions\" \/>\n<meta property=\"article:published_time\" content=\"2020-05-12T13:58:26+00:00\" \/>\n<meta name=\"author\" content=\"Vanguard Healthcare Solutions\" \/>\n<meta name=\"twitter:card\" content=\"summary_large_image\" \/>\n<meta name=\"twitter:label1\" content=\"Yazan:\" \/>\n\t<meta name=\"twitter:data1\" content=\"Vanguard Healthcare Solutions\" \/>\n\t<meta name=\"twitter:label2\" content=\"Tahmini okuma s\u00fcresi\" \/>\n\t<meta name=\"twitter:data2\" content=\"3 dakika\" \/>\n<script type=\"application\/ld+json\" class=\"yoast-schema-graph\">{\"@context\":\"https:\\\/\\\/schema.org\",\"@graph\":[{\"@type\":\"Article\",\"@id\":\"https:\\\/\\\/www.q-bital.com\\\/how-does-australias-icu-capacity-compare\\\/#article\",\"isPartOf\":{\"@id\":\"https:\\\/\\\/www.q-bital.com\\\/how-does-australias-icu-capacity-compare\\\/\"},\"author\":{\"name\":\"Vanguard Healthcare Solutions\",\"@id\":\"https:\\\/\\\/www.q-bital.com\\\/#\\\/schema\\\/person\\\/426decd65e2d39321705e63d5ea4394b\"},\"headline\":\"How does Australia&#8217;s ICU capacity compare?\",\"datePublished\":\"2020-05-12T13:58:26+00:00\",\"mainEntityOfPage\":{\"@id\":\"https:\\\/\\\/www.q-bital.com\\\/how-does-australias-icu-capacity-compare\\\/\"},\"wordCount\":621,\"image\":{\"@id\":\"https:\\\/\\\/www.q-bital.com\\\/how-does-australias-icu-capacity-compare\\\/#primaryimage\"},\"thumbnailUrl\":\"\",\"keywords\":[\"Australia\"],\"articleSection\":[\"News\"],\"inLanguage\":\"tr\"},{\"@type\":\"WebPage\",\"@id\":\"https:\\\/\\\/www.q-bital.com\\\/how-does-australias-icu-capacity-compare\\\/\",\"url\":\"https:\\\/\\\/www.q-bital.com\\\/how-does-australias-icu-capacity-compare\\\/\",\"name\":\"How does Australia&#8217;s ICU capacity compare? - Q-bital Healthcare Solutions\",\"isPartOf\":{\"@id\":\"https:\\\/\\\/www.q-bital.com\\\/#website\"},\"primaryImageOfPage\":{\"@id\":\"https:\\\/\\\/www.q-bital.com\\\/how-does-australias-icu-capacity-compare\\\/#primaryimage\"},\"image\":{\"@id\":\"https:\\\/\\\/www.q-bital.com\\\/how-does-australias-icu-capacity-compare\\\/#primaryimage\"},\"thumbnailUrl\":\"\",\"datePublished\":\"2020-05-12T13:58:26+00:00\",\"author\":{\"@id\":\"https:\\\/\\\/www.q-bital.com\\\/#\\\/schema\\\/person\\\/426decd65e2d39321705e63d5ea4394b\"},\"description\":\"How does Australia's ICU capacity compare given lower number of Covid-19 cases and deaths than in many other countries.\",\"inLanguage\":\"tr\",\"potentialAction\":[{\"@type\":\"ReadAction\",\"target\":[\"https:\\\/\\\/www.q-bital.com\\\/how-does-australias-icu-capacity-compare\\\/\"]}]},{\"@type\":\"ImageObject\",\"inLanguage\":\"tr\",\"@id\":\"https:\\\/\\\/www.q-bital.com\\\/how-does-australias-icu-capacity-compare\\\/#primaryimage\",\"url\":\"\",\"contentUrl\":\"\"},{\"@type\":\"WebSite\",\"@id\":\"https:\\\/\\\/www.q-bital.com\\\/#website\",\"url\":\"https:\\\/\\\/www.q-bital.com\\\/\",\"name\":\"Q-bital Healthcare Solutions\",\"description\":\"\",\"potentialAction\":[{\"@type\":\"SearchAction\",\"target\":{\"@type\":\"EntryPoint\",\"urlTemplate\":\"https:\\\/\\\/www.q-bital.com\\\/?s={search_term_string}\"},\"query-input\":{\"@type\":\"PropertyValueSpecification\",\"valueRequired\":true,\"valueName\":\"search_term_string\"}}],\"inLanguage\":\"tr\"},{\"@type\":\"Person\",\"@id\":\"https:\\\/\\\/www.q-bital.com\\\/#\\\/schema\\\/person\\\/426decd65e2d39321705e63d5ea4394b\",\"name\":\"Vanguard Healthcare Solutions\",\"image\":{\"@type\":\"ImageObject\",\"inLanguage\":\"tr\",\"@id\":\"https:\\\/\\\/secure.gravatar.com\\\/avatar\\\/7ba7c80067fbd6952425e7e5a94fa842f37365b39fe1fd0a01287a5a0b6f7d2b?s=96&d=mm&r=g\",\"url\":\"https:\\\/\\\/secure.gravatar.com\\\/avatar\\\/7ba7c80067fbd6952425e7e5a94fa842f37365b39fe1fd0a01287a5a0b6f7d2b?s=96&d=mm&r=g\",\"contentUrl\":\"https:\\\/\\\/secure.gravatar.com\\\/avatar\\\/7ba7c80067fbd6952425e7e5a94fa842f37365b39fe1fd0a01287a5a0b6f7d2b?s=96&d=mm&r=g\",\"caption\":\"Vanguard Healthcare Solutions\"},\"sameAs\":[\"https:\\\/\\\/www.vanguardhealthcare.co.uk\"]}]}<\/script>\n<!-- \/ Yoast SEO plugin. -->","yoast_head_json":{"title":"Avustralya&#039;n\u0131n yo\u011fun bak\u0131m kapasitesi nas\u0131l kar\u015f\u0131la\u015ft\u0131r\u0131l\u0131r? - Q-bital Sa\u011fl\u0131k \u00c7\u00f6z\u00fcmleri","description":"Avustralya&#039;n\u0131n yo\u011fun bak\u0131m kapasitesi, bir\u00e7ok \u00fclkeye k\u0131yasla daha d\u00fc\u015f\u00fck say\u0131da Covid-19 vakas\u0131 ve \u00f6l\u00fcm oran\u0131 g\u00f6z \u00f6n\u00fcne al\u0131nd\u0131\u011f\u0131nda nas\u0131l?","robots":{"index":"index","follow":"follow","max-snippet":"max-snippet:-1","max-image-preview":"max-image-preview:large","max-video-preview":"max-video-preview:-1"},"canonical":"https:\/\/www.q-bital.com\/tr_tr\/how-does-australias-icu-capacity-compare\/","og_locale":"tr_TR","og_type":"article","og_title":"How does Australia&#8217;s ICU capacity compare? - Q-bital Healthcare Solutions","og_description":"How does Australia's ICU capacity compare given lower number of Covid-19 cases and deaths than in many other countries.","og_url":"https:\/\/www.q-bital.com\/tr_tr\/how-does-australias-icu-capacity-compare\/","og_site_name":"Q-bital Healthcare Solutions","article_published_time":"2020-05-12T13:58:26+00:00","author":"Vanguard Healthcare Solutions","twitter_card":"summary_large_image","twitter_misc":{"Yazan:":"Vanguard Healthcare Solutions","Tahmini okuma s\u00fcresi":"3 dakika"},"schema":{"@context":"https:\/\/schema.org","@graph":[{"@type":"Article","@id":"https:\/\/www.q-bital.com\/how-does-australias-icu-capacity-compare\/#article","isPartOf":{"@id":"https:\/\/www.q-bital.com\/how-does-australias-icu-capacity-compare\/"},"author":{"name":"Vanguard Healthcare Solutions","@id":"https:\/\/www.q-bital.com\/#\/schema\/person\/426decd65e2d39321705e63d5ea4394b"},"headline":"How does Australia&#8217;s ICU capacity compare?","datePublished":"2020-05-12T13:58:26+00:00","mainEntityOfPage":{"@id":"https:\/\/www.q-bital.com\/how-does-australias-icu-capacity-compare\/"},"wordCount":621,"image":{"@id":"https:\/\/www.q-bital.com\/how-does-australias-icu-capacity-compare\/#primaryimage"},"thumbnailUrl":"","keywords":["Australia"],"articleSection":["News"],"inLanguage":"tr"},{"@type":"WebPage","@id":"https:\/\/www.q-bital.com\/how-does-australias-icu-capacity-compare\/","url":"https:\/\/www.q-bital.com\/how-does-australias-icu-capacity-compare\/","name":"Avustralya&#039;n\u0131n yo\u011fun bak\u0131m kapasitesi nas\u0131l kar\u015f\u0131la\u015ft\u0131r\u0131l\u0131r? - Q-bital Sa\u011fl\u0131k \u00c7\u00f6z\u00fcmleri","isPartOf":{"@id":"https:\/\/www.q-bital.com\/#website"},"primaryImageOfPage":{"@id":"https:\/\/www.q-bital.com\/how-does-australias-icu-capacity-compare\/#primaryimage"},"image":{"@id":"https:\/\/www.q-bital.com\/how-does-australias-icu-capacity-compare\/#primaryimage"},"thumbnailUrl":"","datePublished":"2020-05-12T13:58:26+00:00","author":{"@id":"https:\/\/www.q-bital.com\/#\/schema\/person\/426decd65e2d39321705e63d5ea4394b"},"description":"Avustralya&#039;n\u0131n yo\u011fun bak\u0131m kapasitesi, bir\u00e7ok \u00fclkeye k\u0131yasla daha d\u00fc\u015f\u00fck say\u0131da Covid-19 vakas\u0131 ve \u00f6l\u00fcm oran\u0131 g\u00f6z \u00f6n\u00fcne al\u0131nd\u0131\u011f\u0131nda nas\u0131l?","inLanguage":"tr","potentialAction":[{"@type":"ReadAction","target":["https:\/\/www.q-bital.com\/how-does-australias-icu-capacity-compare\/"]}]},{"@type":"ImageObject","inLanguage":"tr","@id":"https:\/\/www.q-bital.com\/how-does-australias-icu-capacity-compare\/#primaryimage","url":"","contentUrl":""},{"@type":"WebSite","@id":"https:\/\/www.q-bital.com\/#website","url":"https:\/\/www.q-bital.com\/","name":"Q-bital Healthcare Solutions","description":"","potentialAction":[{"@type":"SearchAction","target":{"@type":"EntryPoint","urlTemplate":"https:\/\/www.q-bital.com\/?s={search_term_string}"},"query-input":{"@type":"PropertyValueSpecification","valueRequired":true,"valueName":"search_term_string"}}],"inLanguage":"tr"},{"@type":"Person","@id":"https:\/\/www.q-bital.com\/#\/schema\/person\/426decd65e2d39321705e63d5ea4394b","name":"Vanguard Sa\u011fl\u0131k \u00c7\u00f6z\u00fcmleri","image":{"@type":"ImageObject","inLanguage":"tr","@id":"https:\/\/secure.gravatar.com\/avatar\/7ba7c80067fbd6952425e7e5a94fa842f37365b39fe1fd0a01287a5a0b6f7d2b?s=96&d=mm&r=g","url":"https:\/\/secure.gravatar.com\/avatar\/7ba7c80067fbd6952425e7e5a94fa842f37365b39fe1fd0a01287a5a0b6f7d2b?s=96&d=mm&r=g","contentUrl":"https:\/\/secure.gravatar.com\/avatar\/7ba7c80067fbd6952425e7e5a94fa842f37365b39fe1fd0a01287a5a0b6f7d2b?s=96&d=mm&r=g","caption":"Vanguard Healthcare Solutions"},"sameAs":["https:\/\/www.vanguardhealthcare.co.uk"]}]}},"_links":{"self":[{"href":"https:\/\/www.q-bital.com\/tr_tr\/wp-json\/wp\/v2\/posts\/2469","targetHints":{"allow":["GET"]}}],"collection":[{"href":"https:\/\/www.q-bital.com\/tr_tr\/wp-json\/wp\/v2\/posts"}],"about":[{"href":"https:\/\/www.q-bital.com\/tr_tr\/wp-json\/wp\/v2\/types\/post"}],"author":[{"embeddable":true,"href":"https:\/\/www.q-bital.com\/tr_tr\/wp-json\/wp\/v2\/users\/1"}],"replies":[{"embeddable":true,"href":"https:\/\/www.q-bital.com\/tr_tr\/wp-json\/wp\/v2\/comments?post=2469"}],"version-history":[{"count":0,"href":"https:\/\/www.q-bital.com\/tr_tr\/wp-json\/wp\/v2\/posts\/2469\/revisions"}],"wp:featuredmedia":[{"embeddable":true,"href":"https:\/\/www.q-bital.com\/tr_tr\/wp-json\/wp\/v2\/pages\/693"}],"wp:attachment":[{"href":"https:\/\/www.q-bital.com\/tr_tr\/wp-json\/wp\/v2\/media?parent=2469"}],"wp:term":[{"taxonomy":"category","embeddable":true,"href":"https:\/\/www.q-bital.com\/tr_tr\/wp-json\/wp\/v2\/categories?post=2469"},{"taxonomy":"post_tag","embeddable":true,"href":"https:\/\/www.q-bital.com\/tr_tr\/wp-json\/wp\/v2\/tags?post=2469"}],"curies":[{"name":"wp","href":"https:\/\/api.w.org\/{rel}","templated":true}]}}